{"id":2627,"date":"2024-10-28T20:45:53","date_gmt":"2024-10-28T20:45:53","guid":{"rendered":"https:\/\/247stiri.ro\/index.php\/2024\/10\/28\/culisele-statului-paralel-adrian-caciu-pensiile-vor-creste-cu-peste-12-vor-depasi-rata-inflatiei\/"},"modified":"2024-10-28T20:45:53","modified_gmt":"2024-10-28T20:45:53","slug":"culisele-statului-paralel-adrian-caciu-pensiile-vor-creste-cu-peste-12-vor-depasi-rata-inflatiei","status":"publish","type":"post","link":"https:\/\/247stiri.ro\/index.php\/2024\/10\/28\/culisele-statului-paralel-adrian-caciu-pensiile-vor-creste-cu-peste-12-vor-depasi-rata-inflatiei\/","title":{"rendered":"CULISELE STATULUI PARALEL. Adrian C\u00e2ciu: \u201ePensiile vor cre\u0219te cu peste 12%, vor dep\u0103\u0219i rata infla\u021biei\u201d"},"content":{"rendered":"<p>Ministrul Adrian C\u00e2ciu a subliniat c\u0103 procentul planificat pentru cre\u0219terea pensiilor este de peste 12%, un nivel care, \u00een viziunea sa, va ajuta la protejarea veniturilor pensionarilor de impactul infla\u021biei.\u00a0<\/p>\n<p>\u201ePensiile vor cre\u0219te peste infla\u021bie. Evident, mai e de recuperat din spate, pentru c\u0103 am avut acea infla\u021bie mare \u0219i aici putem s\u0103 discut\u0103m cum au l\u0103sat lucrurile c\u00e2nd am preluat la finan\u021be situa\u021bia.<\/p>\n<p>Pensiile undeva 12%, la salarii, la fel. Trebuie s\u0103 cre\u0219tem ponderat. Adic\u0103 sub ceea ce \u00eenseamn\u0103 economie\u201d, a spus Adrian C\u00e2ciu.<\/p>\n<p>\u201eAu fost \u00eenghe\u021b\u0103ri de salarii \u00een Spania, Italia, Fran\u021ba \u00een ultimii 10 ani, care au, cel pu\u021bin Italia, Fran\u021ba are peste 100%, Italia are peste 100%, Grecia are peste 100% datoria din PIB. Legea trebuie adaptat\u0103 la noile reguli fiscale. A fost scris\u0103 \u00een contextul pactului fiscal din 2010, regulile fiscale \u00een Europa. S-au schimbat. Amploarea sau accentul este pus pe dezvoltare, pe investi\u021bii, pe tranzi\u021bie climatic\u0103\u201d, a mai spus ministrul. <\/p>\n<p>Va continua sau nu sprijinul de 250 de lei pentru persoanele vulnerabile?<\/p>\n<p>\u00centrebat dac\u0103 ajutoarele pentru oamenii cu venituri mici vor continua \u0219i anul viitor, ministrul a r\u0103spuns: \u201eAici vreau s\u0103 avem o analiz\u0103 exact dac\u0103 continu\u0103m a\u0219a sau g\u0103sim o alt\u0103 form\u0103 de sprijin. Pentru c\u0103 la acest moment a\u021bi v\u0103zut, exist\u0103 nemul\u021bumire c\u0103 au crescut pensiile \u0219i nu se mai \u00eencadreaz\u0103. Da, discutam \u0219i cu premierul Ciolacu. Parc\u0103 se simte nevoia unei rea\u0219ez\u0103ri a acestui sprijin. Pentru c\u0103 v\u0103 mai dau un exemplu. O alt\u0103 formul\u0103 care s\u0103 nu mai permit\u0103 cre\u0219terea pre\u021burilor \u00een magazin. \u00cenainte s\u0103 v\u0103 zic ce s-a \u00eent\u00e2mplat. C\u0103 e un paradox. S-a venit cu sprijin pentru Rom\u00e2nia, s-au dat cardurile de alimente, pre\u021burile la alimente au crescut.<\/p>\n<p> De ce s\u0103 vii cu plafonarea dac\u0103 acest voucher de alimente are un efect pentru c\u0103 se profit\u0103 retail-ul, profit\u0103 de el \u0219i zice ok, o s\u0103-l cumpere. Atunci s-a venit cu plafonarea. Ceea ce vreau s\u0103 facem \u0219i de asta discutam cu premierul s\u0103 continu\u0103m acest tip de sprijin, dar trebuie s\u0103 avem \u0219i un acord cu retailerii. Dom&#8221;le, nu mai cre\u0219te\u021bi pre\u021burile pentru c\u0103 \u0219ti\u021bi c\u0103 omul \u0103la are bani \u00een buzunar.\u00a0<\/p>\n<p> Haide\u021bi s\u0103 fim \u0219i noi \u00eentr-o zon\u0103 rezonabil\u0103, c\u0103 noi nu ne referim la oameni care se duc s\u0103-\u0219i ia lucruri de lux. Eu sunt convins c\u0103 dialogul \u0219i am avut o discu\u021bie cu retailerii dincolo de ceea ce discut\u0103 ministrul agriculturii. Eu m\u0103 duc pe zona de fonduri pentru c\u0103 am nevoie \u0219i de eligibilitate. Indicatorul de eligibilitate, este popula\u021bie vulnerabil\u0103.<\/p>\n<p> O form\u0103 de sprijin va fi cu siguran\u021b\u0103. Aici m\u0103 g\u00e2ndesc. P\u00e2n\u0103 la urm\u0103, da, v-am zis, important este, pentru c\u0103 noi ne intereseaz\u0103 la final s\u0103 am puterea de cump\u0103rare \u00een cre\u0219tere\u201d.<\/p>\n<p>\u00a0<\/p>\n<p>\u00a0<\/p>\n<p>\u00a0<\/p>","protected":false},"excerpt":{"rendered":"<p>Ministrul Adrian C\u00e2ciu a subliniat c\u0103 procentul planificat pentru cre\u0219terea pensiilor este de peste 12%,&hellip;<\/p>\n","protected":false},"author":0,"featured_media":2620,"comment_status":"open","ping_status":"open","sticky":false,"template":"","format":"standard","meta":{"footnotes":""},"categories":[2],"tags":[],"class_list":["post-2627","post","type-post","status-publish","format-standard","has-post-thumbnail","hentry","category-actual"],"_links":{"self":[{"href":"https:\/\/247stiri.ro\/index.php\/wp-json\/wp\/v2\/posts\/2627","targetHints":{"allow":["GET"]}}],"collection":[{"href":"https:\/\/247stiri.ro\/index.php\/wp-json\/wp\/v2\/posts"}],"about":[{"href":"https:\/\/247stiri.ro\/index.php\/wp-json\/wp\/v2\/types\/post"}],"replies":[{"embeddable":true,"href":"https:\/\/247stiri.ro\/index.php\/wp-json\/wp\/v2\/comments?post=2627"}],"version-history":[{"count":0,"href":"https:\/\/247stiri.ro\/index.php\/wp-json\/wp\/v2\/posts\/2627\/revisions"}],"wp:featuredmedia":[{"embeddable":true,"href":"https:\/\/247stiri.ro\/index.php\/wp-json\/wp\/v2\/media\/2620"}],"wp:attachment":[{"href":"https:\/\/247stiri.ro\/index.php\/wp-json\/wp\/v2\/media?parent=2627"}],"wp:term":[{"taxonomy":"category","embeddable":true,"href":"https:\/\/247stiri.ro\/index.php\/wp-json\/wp\/v2\/categories?post=2627"},{"taxonomy":"post_tag","embeddable":true,"href":"https:\/\/247stiri.ro\/index.php\/wp-json\/wp\/v2\/tags?post=2627"}],"curies":[{"name":"wp","href":"https:\/\/api.w.org\/{rel}","templated":true}]}}