{"id":26292,"date":"2025-01-24T12:54:46","date_gmt":"2025-01-24T12:54:46","guid":{"rendered":"https:\/\/247stiri.ro\/index.php\/2025\/01\/24\/bolojan-singurul-politician-de-la-varful-puterii-care-a-participat-la-manifestarile-unirii-huiduit-la-focsani-video\/"},"modified":"2025-01-24T12:54:46","modified_gmt":"2025-01-24T12:54:46","slug":"bolojan-singurul-politician-de-la-varful-puterii-care-a-participat-la-manifestarile-unirii-huiduit-la-focsani-video","status":"publish","type":"post","link":"https:\/\/247stiri.ro\/index.php\/2025\/01\/24\/bolojan-singurul-politician-de-la-varful-puterii-care-a-participat-la-manifestarile-unirii-huiduit-la-focsani-video\/","title":{"rendered":"Bolojan, singurul politician de la v\u00e2rful puterii care a participat la manifest\u0103rile Unirii, HUIDUIT la Foc\u0219ani &#8211; VIDEO"},"content":{"rendered":"<p>Zeci de vr\u00e2nceni l-au apostrofat c\u00e2nd \u0219i-a f\u0103cut apari\u021bia \u00een Pia\u021ba Unirii, oamenii fiind lini\u0219ti\u021bi cu greu de discursul \u00cePS Ciprian, Arhiepiscopul Buz\u0103ului \u0219i Vrancei, care a f\u0103cut apel la calm \u0219i unitate, \u00een contextul zilei de 24 ianuarie, potrivit <a href=\"https:\/\/editiedevrancea.ro\/2025\/01\/24\/video-liderul-pnl-ilie-bolojan-presedinte-al-senatului-a-fost-huiduit-serios-astazi-la-focsani-s-a-strigat-rusine-sa-va-fie-si-psd-ciuma-rosie\/?fbclid=IwY2xjawIAaklleHRuA2FlbQIxMQABHex9_bqP74KJvNeoZw_FK4iYgDs22QF7Geu6g0990UiInxg4z_Mt_WCeBQ_aem_N4IdenUEd-EXQVOa0S-ZnQ\" target=\"_blank\">Edi\u021bie de Vrancea.<\/a><\/p>\n<p>Ulterior, s-a trecut direct la parada militarilor, \u00een timp ce oamenii din Pia\u021ba Unirii strigau: \u201eHo\u021bii, Ho\u021bii\u201d \u0219i \u201eTurul 2 \u00eenapoi!\u201d, \u201ePSD, ciuma ro\u0219ie\u201d, \u201eRu\u0219ine, ru\u0219ine s\u0103 v\u0103 fie!\u201d .<\/p>\n\n<p>Au trecut apoi minute bune p\u00e2n\u0103 ca organizatorii s\u0103 dea drumul la muzic\u0103 \u0219i la o hor\u0103 a Unirii a oficialit\u0103\u021bilor. Ceilal\u021bi vr\u00e2nceni s-au legat \u00een hor\u0103 aproape de monumentul din Pia\u021ba Unirii.<\/p>","protected":false},"excerpt":{"rendered":"<p>Zeci de vr\u00e2nceni l-au apostrofat c\u00e2nd \u0219i-a f\u0103cut apari\u021bia \u00een Pia\u021ba Unirii, oamenii fiind lini\u0219ti\u021bi&hellip;<\/p>\n","protected":false},"author":0,"featured_media":26291,"comment_status":"open","ping_status":"open","sticky":false,"template":"","format":"standard","meta":{"footnotes":""},"categories":[2],"tags":[],"class_list":["post-26292","post","type-post","status-publish","format-standard","has-post-thumbnail","hentry","category-actual"],"_links":{"self":[{"href":"https:\/\/247stiri.ro\/index.php\/wp-json\/wp\/v2\/posts\/26292","targetHints":{"allow":["GET"]}}],"collection":[{"href":"https:\/\/247stiri.ro\/index.php\/wp-json\/wp\/v2\/posts"}],"about":[{"href":"https:\/\/247stiri.ro\/index.php\/wp-json\/wp\/v2\/types\/post"}],"replies":[{"embeddable":true,"href":"https:\/\/247stiri.ro\/index.php\/wp-json\/wp\/v2\/comments?post=26292"}],"version-history":[{"count":0,"href":"https:\/\/247stiri.ro\/index.php\/wp-json\/wp\/v2\/posts\/26292\/revisions"}],"wp:featuredmedia":[{"embeddable":true,"href":"https:\/\/247stiri.ro\/index.php\/wp-json\/wp\/v2\/media\/26291"}],"wp:attachment":[{"href":"https:\/\/247stiri.ro\/index.php\/wp-json\/wp\/v2\/media?parent=26292"}],"wp:term":[{"taxonomy":"category","embeddable":true,"href":"https:\/\/247stiri.ro\/index.php\/wp-json\/wp\/v2\/categories?post=26292"},{"taxonomy":"post_tag","embeddable":true,"href":"https:\/\/247stiri.ro\/index.php\/wp-json\/wp\/v2\/tags?post=26292"}],"curies":[{"name":"wp","href":"https:\/\/api.w.org\/{rel}","templated":true}]}}