{"id":26301,"date":"2025-01-24T12:54:48","date_gmt":"2025-01-24T12:54:48","guid":{"rendered":"https:\/\/247stiri.ro\/index.php\/2025\/01\/24\/accident-grav-in-constanta-elicopterul-smurd-a-intervenit-la-fata-locului\/"},"modified":"2025-01-24T12:54:48","modified_gmt":"2025-01-24T12:54:48","slug":"accident-grav-in-constanta-elicopterul-smurd-a-intervenit-la-fata-locului","status":"publish","type":"post","link":"https:\/\/247stiri.ro\/index.php\/2025\/01\/24\/accident-grav-in-constanta-elicopterul-smurd-a-intervenit-la-fata-locului\/","title":{"rendered":"Accident grav \u00een Constan\u021ba: elicopterul SMURD a intervenit la fa\u021ba locului"},"content":{"rendered":"<p>Potrivit reprezentan\u021bilor Serviciului de Ambulan\u021b\u0103 Jude\u021bean (SAJ) Constan\u021ba, la fa\u021ba locului au intervenit echipaje de urgen\u021b\u0103, incluz\u00e2nd un echipaj SMURD B, o ambulan\u021b\u0103 SAJ B2 \u0219i un elicopter SMURD, av\u00e2nd \u00een vedere gravitatea accidentului.<\/p>\n\n<p>\u00a0 \u00a0 Accident rutier \u00een Constan\u021ba \/ Sursa foto &#8211; ISU Constan\u021ba<\/p>\n<p>Victima transportat\u0103 la spital cu convulsii<\/p>\n<p><a href=\"https:\/\/www.realitatea.net\/stiri\/actual\/accident-rutier-in-judetul-galati-patru-persoane-sunt-grav-ranite-un-copil-de-7-ani-care-este-in-coma_6792b0023bbd46436f7ccbb5\" target=\"_blank\">\u00cen urma accidentului<\/a>, o persoan\u0103 a fost r\u0103nit\u0103. Victima, un b\u0103rbat care se afla la volanul unui autoturism Dacia Logan, a suferit convulsii \u0219i a fost transportat\u0103 de urgen\u021b\u0103 la spital pentru \u00eengrijiri medicale. Potrivit autorit\u0103\u021bilor, b\u0103rbatul este \u0219oferul autoturismului implicat \u00een incident.<\/p>\n<p>Autoturismul, un Dacia Logan \u00eenmatriculat \u00een jude\u021bul Ialomi\u021ba, a fost avariat aproape \u00een totalitate \u00een urma coliziunii. \u00cen ciuda interven\u021biei echipajelor de urgen\u021b\u0103, starea vehiculului reflect\u0103 gravitatea impactului.<\/p>\n<p>Autorit\u0103\u021bile continu\u0103 cercet\u0103rile pentru a stabili <a href=\"https:\/\/www.realitatea.net\/stiri\/actual\/sfarsit-cumplit-pentru-o-tanara-de-19-ani-daria-sia-pierdut-viata-dupa-o-depasire-riscanta-alaturi-de-bunica-ei-si-un-prieten-de-familie_679203d928b769321c386832\" target=\"_blank\">cauzele exacte ale accidentului<\/a> \u0219i pentru a asigura siguran\u021ba rutier\u0103 pe aceast\u0103 por\u021biune de drum.\u00a0<\/p>","protected":false},"excerpt":{"rendered":"<p>Potrivit reprezentan\u021bilor Serviciului de Ambulan\u021b\u0103 Jude\u021bean (SAJ) Constan\u021ba, la fa\u021ba locului au intervenit echipaje de&hellip;<\/p>\n","protected":false},"author":0,"featured_media":26302,"comment_status":"open","ping_status":"open","sticky":false,"template":"","format":"standard","meta":{"footnotes":""},"categories":[2],"tags":[],"class_list":["post-26301","post","type-post","status-publish","format-standard","has-post-thumbnail","hentry","category-actual"],"_links":{"self":[{"href":"https:\/\/247stiri.ro\/index.php\/wp-json\/wp\/v2\/posts\/26301","targetHints":{"allow":["GET"]}}],"collection":[{"href":"https:\/\/247stiri.ro\/index.php\/wp-json\/wp\/v2\/posts"}],"about":[{"href":"https:\/\/247stiri.ro\/index.php\/wp-json\/wp\/v2\/types\/post"}],"replies":[{"embeddable":true,"href":"https:\/\/247stiri.ro\/index.php\/wp-json\/wp\/v2\/comments?post=26301"}],"version-history":[{"count":0,"href":"https:\/\/247stiri.ro\/index.php\/wp-json\/wp\/v2\/posts\/26301\/revisions"}],"wp:featuredmedia":[{"embeddable":true,"href":"https:\/\/247stiri.ro\/index.php\/wp-json\/wp\/v2\/media\/26302"}],"wp:attachment":[{"href":"https:\/\/247stiri.ro\/index.php\/wp-json\/wp\/v2\/media?parent=26301"}],"wp:term":[{"taxonomy":"category","embeddable":true,"href":"https:\/\/247stiri.ro\/index.php\/wp-json\/wp\/v2\/categories?post=26301"},{"taxonomy":"post_tag","embeddable":true,"href":"https:\/\/247stiri.ro\/index.php\/wp-json\/wp\/v2\/tags?post=26301"}],"curies":[{"name":"wp","href":"https:\/\/api.w.org\/{rel}","templated":true}]}}