{"id":26329,"date":"2025-01-24T14:47:10","date_gmt":"2025-01-24T14:47:10","guid":{"rendered":"https:\/\/247stiri.ro\/index.php\/2025\/01\/24\/mark-rutte-secretarul-general-al-nato-il-va-primi-pe-ministrul-de-externe-emil-hurezeanu-in-28-ianuarie\/"},"modified":"2025-01-24T14:47:10","modified_gmt":"2025-01-24T14:47:10","slug":"mark-rutte-secretarul-general-al-nato-il-va-primi-pe-ministrul-de-externe-emil-hurezeanu-in-28-ianuarie","status":"publish","type":"post","link":"https:\/\/247stiri.ro\/index.php\/2025\/01\/24\/mark-rutte-secretarul-general-al-nato-il-va-primi-pe-ministrul-de-externe-emil-hurezeanu-in-28-ianuarie\/","title":{"rendered":"Mark Rutte, secretarul general al NATO, \u00eel va primi pe ministrul de Externe Emil Hurezeanu \u00een 28 ianuarie"},"content":{"rendered":"<p>\u201dMar\u0163i, 28 ianuarie 2025, Secretarul General al NATO, domnul Mark Rutte, se va \u00eent\u00e2lni cu Ministrul Afacerilor Externe al Rom\u00e2niei, domnul Emil Hora\u0163iu Hurezeanu, la sediul NATO din Bruxelles\u201d, a transmis Alian\u0163a Nord-Atlantic\u0103 \u00eentr-un comunicat.<\/p>\n<p>Hurezeanu a declarat recent, la un post de televizune, c\u0103 interesul vital al Rom\u00e2niei r\u0103m\u00e2ne p\u0103strarea parteneriatului transatlantic, dup\u0103 \u00eenvestirea lui Donald Trump \u00een func\u0163ia de pre\u015fedinte al SUA, c\u0103 Rom\u00e2nia nu are motive de team\u0103 \u015fi c\u0103 trebuie s\u0103-\u015fi continue rolul \u201edeja verificat\u201d \u00een rela\u0163ia cu SUA, NATO \u015fi UE.<\/p>\n<p>\u201eSigur c\u0103 facem parte dintr-un parteneriat strategic mult mai complex. Dincolo de parteneriatul bilateral pe care \u00eel avem cu Statele Unite, facem parte din parteneriatul Uniunea European\u0103-Statele Unite. \u015ei apartenen\u0163a noastr\u0103 la NATO, unde Statele Unite sunt membru fondator, cel mai important, \u0163ine tot de un parteneriat strategic.<\/p>\n<p>Acest parteneriat multiplu, care este parteneriatul transatlantic, trebuie s\u0103 fie \u00een continuare obiectivul nostru, p\u0103strarea lui, consolidarea lui, concentrarea intereselor noastre de politic\u0103 \u015fi intern\u0103 \u015fi extern\u0103 \u00een aceast \u0103 paradigm\u0103 a p\u0103str\u0103rii parteneriatul lui transatlantic. Aici este vorba \u015fi de rela\u0163iabilateral\u0103, \u015fi de rela\u0163iile noastre cu al\u0163i membri importan\u0163i din Uniunea European\u0103\u201d, a explicat ministrul.<\/p>","protected":false},"excerpt":{"rendered":"<p>\u201dMar\u0163i, 28 ianuarie 2025, Secretarul General al NATO, domnul Mark Rutte, se va \u00eent\u00e2lni cu&hellip;<\/p>\n","protected":false},"author":0,"featured_media":26330,"comment_status":"open","ping_status":"open","sticky":false,"template":"","format":"standard","meta":{"footnotes":""},"categories":[2],"tags":[],"class_list":["post-26329","post","type-post","status-publish","format-standard","has-post-thumbnail","hentry","category-actual"],"_links":{"self":[{"href":"https:\/\/247stiri.ro\/index.php\/wp-json\/wp\/v2\/posts\/26329","targetHints":{"allow":["GET"]}}],"collection":[{"href":"https:\/\/247stiri.ro\/index.php\/wp-json\/wp\/v2\/posts"}],"about":[{"href":"https:\/\/247stiri.ro\/index.php\/wp-json\/wp\/v2\/types\/post"}],"replies":[{"embeddable":true,"href":"https:\/\/247stiri.ro\/index.php\/wp-json\/wp\/v2\/comments?post=26329"}],"version-history":[{"count":0,"href":"https:\/\/247stiri.ro\/index.php\/wp-json\/wp\/v2\/posts\/26329\/revisions"}],"wp:featuredmedia":[{"embeddable":true,"href":"https:\/\/247stiri.ro\/index.php\/wp-json\/wp\/v2\/media\/26330"}],"wp:attachment":[{"href":"https:\/\/247stiri.ro\/index.php\/wp-json\/wp\/v2\/media?parent=26329"}],"wp:term":[{"taxonomy":"category","embeddable":true,"href":"https:\/\/247stiri.ro\/index.php\/wp-json\/wp\/v2\/categories?post=26329"},{"taxonomy":"post_tag","embeddable":true,"href":"https:\/\/247stiri.ro\/index.php\/wp-json\/wp\/v2\/tags?post=26329"}],"curies":[{"name":"wp","href":"https:\/\/api.w.org\/{rel}","templated":true}]}}