{"id":26331,"date":"2025-01-24T14:47:11","date_gmt":"2025-01-24T14:47:11","guid":{"rendered":"https:\/\/247stiri.ro\/index.php\/2025\/01\/24\/marea-unire-a-neamului-presedintele-ales-calin-georgescu-noi-impreuna-cu-dumnezeu-facem-aceasta-hora-intreaga\/"},"modified":"2025-01-24T14:47:11","modified_gmt":"2025-01-24T14:47:11","slug":"marea-unire-a-neamului-presedintele-ales-calin-georgescu-noi-impreuna-cu-dumnezeu-facem-aceasta-hora-intreaga","status":"publish","type":"post","link":"https:\/\/247stiri.ro\/index.php\/2025\/01\/24\/marea-unire-a-neamului-presedintele-ales-calin-georgescu-noi-impreuna-cu-dumnezeu-facem-aceasta-hora-intreaga\/","title":{"rendered":"Marea Unire a Neamului. Pre\u0219edintele ales, C\u0103lin Georgescu: \u201eNoi, \u00eempreun\u0103 cu Dumnezeu, facem aceast\u0103 hor\u0103 \u00eentreag\u0103!\u201d"},"content":{"rendered":"<p>Georgescu s-a prins \u00een hor\u0103 cu rom\u00e2nii de Ziua Principatelor Unite \u0219i a depus o coroan\u0103 \u00een memoria eroilor c\u0103zu\u021bi la datorie. Al\u0103turi de el a fost \u0219i so\u021bia lui, Cristela Georgescu.\u00a0<\/p>\n<p>\u201eEste foarte emo\u021bionant, categoric, \u0219i sim\u021bim acest lucru \u00een inima noastr\u0103.\u00a0\u00cen plus, suntem la Monumentul Eroilor militari,\u00a0care s-au jertfit pentru sar\u0103 \u00een aceast\u0103 perioad\u0103 modern\u0103 a Rom\u00e2niei.\u00a0\u0218i, indiferent unde au fost, m\u0103 plec cu smerenie \u00een fa\u021ba militarilor \u0219i poli\u021bi\u0219tilor activi,\u00a0\u00een rezerv\u0103 \u0219i \u00een retragere.<\/p>\n<p>\u0218i am adus un omagiu pentru o coroan\u0103 de flori celor jertfi\u021bi.\u00a0Pe c\u00e2mpurile de lupt\u0103, chiar dac\u0103 au fost de partea de sar\u0103, dar \u0219i-au ap\u0103rat \u021bara ca o mare familie.\u00a0<\/p>\n<p>Poporul rom\u00e2n este mai unit ca niciodat\u0103. Asta este un moment de glorie, glorie uria\u0219\u0103,\u00a0pentru c\u0103, practic, poporul rom\u00e2n s-a prins \u00een aceea\u0219i hor\u0103, \u00eentr-o unitate de neam.\u00a0\u0218i eu am invitat, sigur, pe toat\u0103 lumea la aceast\u0103 hor\u0103, inclusiv pe politicieni,\u00a0\u00eei felicit \u0219i pe cei care au fost \u0219i \u00eei comp\u0103timesc pe cei care nu au venit,\u00a0pentru c\u0103 aveau \u0219ansa s\u0103 se uneasc\u0103 al\u0103turi poporul rom\u00e2n.<\/p>\n<p>\u00cen tot cazul, la marea hor\u0103 de unirea neamului, poporul rom\u00e2n con\u0219tientizeaz\u0103 c\u0103 a venit vremea\u00a0ca s\u0103 ascult\u0103m c\u00e2ntecul inimii noastre, ce spune istoria \u00een inima noastr\u0103,\u00a0\u0219i s\u0103 nu mai dans\u0103m dup\u0103 cum spun al\u021bii.\u00a0A\u0219a \u00eenc\u00e2t suntem fra\u021bi \u0219i surori to\u021bi, suntem prin\u0219i \u00eentr-o hor\u0103,\u00a0suntem \u00eempreun\u0103, noi, \u00eempreun\u0103 \u0219i \u00eempreun\u0103 cu Dumnezeu, aceasta face hora \u00eentreag\u0103.\u00a0<\/p>\n<p><a href=\"https:\/\/www.realitatea.net\/stiri\/politica\/marea-unire-a-neamului-in-zi-de-mare-sarbatoare-calin-georgescu-va-fi-alaturi-de-poporul-roman-mii-de-oamenii-din-nou-in-strada_6793272e1b07dc14522990d2\" target=\"_blank\">Marea Unire a Neamului. C\u0103lin Georgescu, al\u0103turi de rom\u00e2ni: Este un moment de glorie uria\u0219\u0103 pentru c\u0103 poporul rom\u00e2n s-a prins \u00een aceea\u0219i hor\u0103, \u00eentr-o unitate de neam &#8211; VIDEO<\/a><\/p>\n<p>\u00a0Este cople\u0219itor, \u00eens\u0103 e o bucurie, pentru c\u0103 \u00eentotdeauna familia,\u00a0familia mic\u0103, se \u00eent\u00e2lne\u0219te \u00een momente importante, \u00een jurul mesei sau \u00een jurul crucii,\u00a0\u00een jurul lui Dumnezeu \u0219i acum familia mare s-a \u00eent\u00e2lnit la fel aici \u0219i ne bucur\u0103.\u00a0Categoric, poporul a \u00eenvins, prin unitate. Este un moment absolut \u00een\u0103l\u021b\u0103tor,\u00a0este o glorie de ne\u00eensemnat, pentru c\u0103 au venit din inim\u0103.<\/p>\n<p>Asta este cel mai important lucru, c\u0103 rom\u00e2nii au venit aici\u00a0Dar haide\u021bi s\u0103 ne \u201e\u00eenhorim\u201d, pentru c\u0103 de asta am venit:\u00a0Unire \u0219i victorie!\u00a0Haide\u021bi!\u00a0Suntem la monumentul osta\u0219ului necunoscut.<\/p>\n<p>Am \u021binut \u00een mod special s\u0103 vin aici, pentru c\u0103 el a intrat \u00een istoria f\u0103r\u0103 nume\u00a0\u0219i a dat \u021b\u0103rii un nume mare, Rom\u00e2nia.\u00a0Este cel care a respectat legea pe care poporul rom\u00e2n a \u00een\u021beles-o,\u00a0deja ast\u0103zi, prin unitate.\u00a0Legea Sarmistegetuzei, totul pentru \u021bar\u0103, nimic pentru mine.<\/p>\n<p>Deci asta \u00eenseamn\u0103 c\u0103 destinul \u0219i drepturile na\u021biunii rom\u00e2ne sunt ve\u0219nice.\u00a0\u0218i \u00een plus de at\u00e2ta, f\u0103r\u0103 s\u0103 avem cultul mormintelor \u0219i oaselor sfinte,\u00a0nu putem \u00een\u021belege istoria acestui neam, care este sf\u00e2nt\u0103.\u00a0De aceea, omagiul meu este pentru osta\u0219ul necunoscut \u0219i pentru poporul rom\u00e2n\u00a0care a \u00een\u021beles, clar, aceasta este unitatea,\u00a0dincolo de osta\u0219ul necunoscut, unitatea poporului rom\u00e2n \u00eentr-o credin\u021b\u0103 \u0219i \u00een con\u0219tiin\u021b\u0103\u201d.\u00a0<\/p>","protected":false},"excerpt":{"rendered":"<p>Georgescu s-a prins \u00een hor\u0103 cu rom\u00e2nii de Ziua Principatelor Unite \u0219i a depus o&hellip;<\/p>\n","protected":false},"author":0,"featured_media":26328,"comment_status":"open","ping_status":"open","sticky":false,"template":"","format":"standard","meta":{"footnotes":""},"categories":[2],"tags":[],"class_list":["post-26331","post","type-post","status-publish","format-standard","has-post-thumbnail","hentry","category-actual"],"_links":{"self":[{"href":"https:\/\/247stiri.ro\/index.php\/wp-json\/wp\/v2\/posts\/26331","targetHints":{"allow":["GET"]}}],"collection":[{"href":"https:\/\/247stiri.ro\/index.php\/wp-json\/wp\/v2\/posts"}],"about":[{"href":"https:\/\/247stiri.ro\/index.php\/wp-json\/wp\/v2\/types\/post"}],"replies":[{"embeddable":true,"href":"https:\/\/247stiri.ro\/index.php\/wp-json\/wp\/v2\/comments?post=26331"}],"version-history":[{"count":0,"href":"https:\/\/247stiri.ro\/index.php\/wp-json\/wp\/v2\/posts\/26331\/revisions"}],"wp:featuredmedia":[{"embeddable":true,"href":"https:\/\/247stiri.ro\/index.php\/wp-json\/wp\/v2\/media\/26328"}],"wp:attachment":[{"href":"https:\/\/247stiri.ro\/index.php\/wp-json\/wp\/v2\/media?parent=26331"}],"wp:term":[{"taxonomy":"category","embeddable":true,"href":"https:\/\/247stiri.ro\/index.php\/wp-json\/wp\/v2\/categories?post=26331"},{"taxonomy":"post_tag","embeddable":true,"href":"https:\/\/247stiri.ro\/index.php\/wp-json\/wp\/v2\/tags?post=26331"}],"curies":[{"name":"wp","href":"https:\/\/api.w.org\/{rel}","templated":true}]}}