{"id":26332,"date":"2025-01-24T14:47:11","date_gmt":"2025-01-24T14:47:11","guid":{"rendered":"https:\/\/247stiri.ro\/index.php\/2025\/01\/24\/barbat-din-hunedoara-retinut-pentru-instigare-la-violenta-pe-retelele-de-socializare-ce-transmitea-in-mediul-online\/"},"modified":"2025-01-24T14:47:11","modified_gmt":"2025-01-24T14:47:11","slug":"barbat-din-hunedoara-retinut-pentru-instigare-la-violenta-pe-retelele-de-socializare-ce-transmitea-in-mediul-online","status":"publish","type":"post","link":"https:\/\/247stiri.ro\/index.php\/2025\/01\/24\/barbat-din-hunedoara-retinut-pentru-instigare-la-violenta-pe-retelele-de-socializare-ce-transmitea-in-mediul-online\/","title":{"rendered":"B\u0103rbat din Hunedoara re\u021binut pentru instigare la violen\u021b\u0103 pe re\u021belele de socializare. Ce transmitea \u00een mediul online"},"content":{"rendered":"<p>Post\u0103ri amenin\u021b\u0103toare \u00een mediul online<\/p>\n<p><a href=\"https:\/\/www.realitatea.net\/stiri\/actual\/control-judiciar-pentru-instigare-publica-dupa-ce-a-postat-un-mesaj-pe-retelele-sociale_675c4dfaa010ee50e43bdc82\" target=\"_blank\">Potrivit Inspectoratului de Poli\u021bie Jude\u021bean<\/a> (IPJ) Hunedoara, suspectul ar fi publicat dou\u0103 materiale cu con\u021binut amenin\u021b\u0103tor pe un cont de social media. Mesajele ar fi avut scopul de a incita la acte de violen\u021b\u0103 \u0219i ar fi putut influen\u021ba negativ pe cei care le vizualizau.<\/p>\n<p>\u201eB\u0103rbatul, domiciliat \u00een comuna Baru Mare, a postat dou\u0103 materiale cu caracter amenin\u021b\u0103tor, de natur\u0103 s\u0103 \u00eendemne la acte de violen\u021b\u0103. Acestea au fost \u00eendreptate \u00eempotriva unor persoane publice \u0219i au fost aduse \u00een aten\u021bia poli\u021biei,\u201d au transmis reprezentan\u021bii IPJ Hunedoara.<\/p>\n<p>Perchezi\u021bii \u0219i re\u021binerea suspectului<\/p>\n<p><a href=\"https:\/\/www.realitatea.net\/stiri\/actual\/perchezitii-de-amploare-in-judetul-arges-la-persoane-suspectate-de-antisemitism-si-instigare-publica_675be97b2294685afa481152\" target=\"_blank\">\u00cen urma unor perchezi\u021bii efectuate<\/a> pe 23 ianuarie, poli\u021bi\u0219tii au ob\u021binut probe relevante care au dus la re\u021binerea b\u0103rbatului. Suspectul a fost plasat \u00een Centrul de Re\u021binere \u0219i Arestare Preventiv\u0103 Deva pentru o perioad\u0103 de 24 de ore.<\/p>\n<p>\u00cen acest caz, autorit\u0103\u021bile au \u00eentocmit un dosar penal pentru s\u0103v\u00e2r\u0219irea infrac\u021biunii de \u201einstigare public\u0103\u201d, conform Codului Penal. Dosarul a fost \u00eenaintat Parchetului de pe l\u00e2ng\u0103 Judec\u0103toria Ha\u021beg, care urmeaz\u0103 s\u0103 decid\u0103 m\u0103surile legale ce se impun.<\/p>","protected":false},"excerpt":{"rendered":"<p>Post\u0103ri amenin\u021b\u0103toare \u00een mediul online Potrivit Inspectoratului de Poli\u021bie Jude\u021bean (IPJ) Hunedoara, suspectul ar fi&hellip;<\/p>\n","protected":false},"author":0,"featured_media":26333,"comment_status":"open","ping_status":"open","sticky":false,"template":"","format":"standard","meta":{"footnotes":""},"categories":[2],"tags":[],"class_list":["post-26332","post","type-post","status-publish","format-standard","has-post-thumbnail","hentry","category-actual"],"_links":{"self":[{"href":"https:\/\/247stiri.ro\/index.php\/wp-json\/wp\/v2\/posts\/26332","targetHints":{"allow":["GET"]}}],"collection":[{"href":"https:\/\/247stiri.ro\/index.php\/wp-json\/wp\/v2\/posts"}],"about":[{"href":"https:\/\/247stiri.ro\/index.php\/wp-json\/wp\/v2\/types\/post"}],"replies":[{"embeddable":true,"href":"https:\/\/247stiri.ro\/index.php\/wp-json\/wp\/v2\/comments?post=26332"}],"version-history":[{"count":0,"href":"https:\/\/247stiri.ro\/index.php\/wp-json\/wp\/v2\/posts\/26332\/revisions"}],"wp:featuredmedia":[{"embeddable":true,"href":"https:\/\/247stiri.ro\/index.php\/wp-json\/wp\/v2\/media\/26333"}],"wp:attachment":[{"href":"https:\/\/247stiri.ro\/index.php\/wp-json\/wp\/v2\/media?parent=26332"}],"wp:term":[{"taxonomy":"category","embeddable":true,"href":"https:\/\/247stiri.ro\/index.php\/wp-json\/wp\/v2\/categories?post=26332"},{"taxonomy":"post_tag","embeddable":true,"href":"https:\/\/247stiri.ro\/index.php\/wp-json\/wp\/v2\/tags?post=26332"}],"curies":[{"name":"wp","href":"https:\/\/api.w.org\/{rel}","templated":true}]}}