{"id":26335,"date":"2025-01-24T14:47:11","date_gmt":"2025-01-24T14:47:11","guid":{"rendered":"https:\/\/247stiri.ro\/index.php\/2025\/01\/24\/tragedie-in-iasi-un-copil-de-3-ani-a-murit-dupa-ce-a-fost-lasat-singur-in-casa-parintii-erau-plecati-la-un-bar\/"},"modified":"2025-01-24T14:47:11","modified_gmt":"2025-01-24T14:47:11","slug":"tragedie-in-iasi-un-copil-de-3-ani-a-murit-dupa-ce-a-fost-lasat-singur-in-casa-parintii-erau-plecati-la-un-bar","status":"publish","type":"post","link":"https:\/\/247stiri.ro\/index.php\/2025\/01\/24\/tragedie-in-iasi-un-copil-de-3-ani-a-murit-dupa-ce-a-fost-lasat-singur-in-casa-parintii-erau-plecati-la-un-bar\/","title":{"rendered":"Tragedie \u00een Ia\u0219i: un copil de 3 ani a murit dup\u0103 ce a fost l\u0103sat singur \u00een cas\u0103. P\u0103rin\u021bii erau pleca\u021bi la un bar"},"content":{"rendered":"<p>Potrivit primelor informa\u021bii, b\u0103ie\u021belul a fost l\u0103sat singur \u00een locuin\u021b\u0103, f\u0103r\u0103 supraveghere, \u00een timp ce p\u0103rin\u021bii s\u0103i ar fi plecat \u00eentr-un bar din apropiere. \u00cen momentul \u00een care s-au \u00eentors acas\u0103, ace\u0219tia nu au observat nimic neobi\u0219nuit, presupun\u00e2nd c\u0103 micu\u021bul dormea.<\/p>\n<p><a href=\"https:\/\/www.realitatea.net\/stiri\/actual\/tragedie-fara-margini-anastasia-a-murit-la-doar-doi-ani-intrun-accident-cumplit-la-o-cresa-privata-din-romania-a-fost-strivita-de-lada-unei-canapele_678f97dc12432926ce5f35be\" target=\"_blank\">Poli\u021bia a fost alertat\u0103<\/a> la c\u00e2teva ore dup\u0103 incident, iar echipele de interven\u021bie au constatat decesul copilului. Din nefericire, nu s-a mai putut face nimic pentru a-l salva.<\/p>\n<p>Cauza decesului, \u00eenc\u0103 necunoscut\u0103<\/p>\n<p>Autorit\u0103\u021bile nu au oferit, deocamdat\u0103, detalii clare despre cauza mor\u021bii copilului. O anchet\u0103 este \u00een desf\u0103\u0219urare pentru a stabili circumstan\u021bele exacte \u00een care s-a produs tragedia.<\/p>\n<p>Surse locale sus\u021bin c\u0103 p\u0103rin\u021bii erau cunoscu\u021bi \u00een sat pentru problemele legate de consumul excesiv de alcool, ceea ce ridic\u0103 semne de \u00eentrebare cu privire la neglijen\u021ba acestora.<\/p>\n<p>\u00cen prezent, <a href=\"https:\/\/www.realitatea.net\/stiri\/actual\/imagini-sfasietoare-cu-yannis-unde-a-mers-copilul-de-4-ani-inainte-de-a-muri-si-ce-ia-provocat-decesul_67853945032f7057d2132912\" target=\"_blank\">poli\u021bi\u0219tii au deschis un dosar penal<\/a> \u0219i investigheaz\u0103 cazul sub suspiciunea de neglijen\u021b\u0103 \u0219i abandon de familie. Ancheta urmeaz\u0103 s\u0103 stabileasc\u0103 dac\u0103 p\u0103rin\u021bii copilului se fac vinova\u021bi de moartea acestuia.<\/p>\n<p>Tragedia a l\u0103sat o amprent\u0103 puternic\u0103 asupra comunit\u0103\u021bii locale. Vecinii \u0219i cuno\u0219tin\u021bele familiei sunt \u00eengrozi\u021bi de cele \u00eent\u00e2mplate.<\/p>","protected":false},"excerpt":{"rendered":"<p>Potrivit primelor informa\u021bii, b\u0103ie\u021belul a fost l\u0103sat singur \u00een locuin\u021b\u0103, f\u0103r\u0103 supraveghere, \u00een timp ce&hellip;<\/p>\n","protected":false},"author":0,"featured_media":26336,"comment_status":"open","ping_status":"open","sticky":false,"template":"","format":"standard","meta":{"footnotes":""},"categories":[2],"tags":[],"class_list":["post-26335","post","type-post","status-publish","format-standard","has-post-thumbnail","hentry","category-actual"],"_links":{"self":[{"href":"https:\/\/247stiri.ro\/index.php\/wp-json\/wp\/v2\/posts\/26335","targetHints":{"allow":["GET"]}}],"collection":[{"href":"https:\/\/247stiri.ro\/index.php\/wp-json\/wp\/v2\/posts"}],"about":[{"href":"https:\/\/247stiri.ro\/index.php\/wp-json\/wp\/v2\/types\/post"}],"replies":[{"embeddable":true,"href":"https:\/\/247stiri.ro\/index.php\/wp-json\/wp\/v2\/comments?post=26335"}],"version-history":[{"count":0,"href":"https:\/\/247stiri.ro\/index.php\/wp-json\/wp\/v2\/posts\/26335\/revisions"}],"wp:featuredmedia":[{"embeddable":true,"href":"https:\/\/247stiri.ro\/index.php\/wp-json\/wp\/v2\/media\/26336"}],"wp:attachment":[{"href":"https:\/\/247stiri.ro\/index.php\/wp-json\/wp\/v2\/media?parent=26335"}],"wp:term":[{"taxonomy":"category","embeddable":true,"href":"https:\/\/247stiri.ro\/index.php\/wp-json\/wp\/v2\/categories?post=26335"},{"taxonomy":"post_tag","embeddable":true,"href":"https:\/\/247stiri.ro\/index.php\/wp-json\/wp\/v2\/tags?post=26335"}],"curies":[{"name":"wp","href":"https:\/\/api.w.org\/{rel}","templated":true}]}}