{"id":26361,"date":"2025-01-24T16:51:35","date_gmt":"2025-01-24T16:51:35","guid":{"rendered":"https:\/\/247stiri.ro\/index.php\/2025\/01\/24\/administratia-trump-a-decis-va-bloca-extinderea-nato\/"},"modified":"2025-01-24T16:51:35","modified_gmt":"2025-01-24T16:51:35","slug":"administratia-trump-a-decis-va-bloca-extinderea-nato","status":"publish","type":"post","link":"https:\/\/247stiri.ro\/index.php\/2025\/01\/24\/administratia-trump-a-decis-va-bloca-extinderea-nato\/","title":{"rendered":"Administra\u021bia Trump a decis: Va bloca extinderea NATO"},"content":{"rendered":"<p>Grenell a participat prin teleconferin\u021b\u0103 la Forumul Economic Mondial de la Davos, av\u00e2nd o discu\u021bie cu secretarul general NATO, olandezul Mark Rutte, care, din lider al unei \u021b\u0103ri care nu a atins \u00eenc\u0103 pragul de 2% din PIB pentru ap\u0103rare, a devenit brusc unul dintre sus\u021bin\u0103torii trecerii la 5% din PIB pentru ap\u0103rare, spun\u00e2ndu-le recent europarlamentarilor c\u0103, \u00een caz contrar, ar trebui s\u0103 \u00eenve\u021be limba rus\u0103 sau se mute \u00een Noua Zeelanda.<\/p>\n<p>\u00a0\u00a0\u00a0\u00a0\u00a0<\/p>\n<p>\u201dCred c\u0103 va fi o mare opozi\u021bie \u00een America, dac\u0103 secretarul general NATO va vorbi despre aderarea Ucrainei la NATO. Poporul american este cel care pl\u0103te\u0219te pentru ap\u0103rare. Nu le po\u021bi cere americanilor s\u0103 extind\u0103 umbrela NATO c\u00e2nd actualii membri nu \u00ee\u0219i pl\u0103tesc partea. \u0218i asta \u00eei include \u0219i pe olandezi\u201d, a spus Grenell.<\/p>\n<p>Rutte a declarat imediat c\u0103 este absolut necesar ca to\u021bi membri NATO s\u0103-\u0219i sporeasc\u0103 cheltuielile pentru ap\u0103rare. El a asigurat c\u0103 toate statele membre vor atinge pragul de 2% din PIB \u00een lunile urm\u0103toare. \u201dApoi vom trece mai departe. Vom decide procentele exacte \u00een cursul acestui an \u0219i va fi cu siguran\u021b\u0103 mai mult\u201d, a spus Rutte.<\/p>\n<p>\u00cen ce prive\u0219te r\u0103zboiul din Ucraina, Grenell a declarat c\u0103 pre\u0219edintele Trump a primit mo\u0219tenire \u201do mare \u00eencurc\u0103tur\u0103\u201d. \u201dNu sunt multe op\u021biuni bune, \u00eens\u0103 pre\u0219edintele Trump a spus deja c\u0103 va pune presiune pe ambele p\u0103r\u021bi pentru a pune cap\u0103t r\u0103zboiului. Da\u021bi-i pu\u021bin timp pre\u0219edintelui Trump. Este cel mai bun negociator\u201d.<\/p>\n<p>\u0218i Donald Trump a avut o interven\u021bie la Forumul de la Davos. El a f\u0103cut o leg\u0103tur\u0103 direct\u0103 \u00eentre r\u0103zboiul din Ucraina \u0219i pre\u021bul petrolului. \u201dDac\u0103 pre\u021bul s-ar reduce, r\u0103zboiul s-ar opri repede. Acum, pre\u021bul este suficient de mare pentru ca r\u0103zboiul s\u0103 continue. Trebuie s\u0103 reducem pre\u021bul. Vom pune cap\u0103t r\u0103zboiului\u201d.<\/p>\n<p>Trump s-a ar\u0103tat revoltat de dezastrul produs de r\u0103zboi. \u201dEste un m\u0103cel. Milioane de solda\u021bi sunt uci\u0219i. Nimeni nu a mai v\u0103zut asa ceva de la Al Doilea R\u0103zboi Mondial. Zac mor\u021bi pe c\u00e2mpuri\u201d, a spus Trump.<\/p>\n<p>Trump a sugerat c\u0103 exist\u0103 posibilitatea ajungerii la un acord prin care Rusia s\u0103 renun\u021be la o parte din arsenalul nuclear. \u201dAs dori s\u0103 v\u0103d o denuclearizare~, a spus Trump, vorbind despre discu\u021biile pe care le-a avut cu pre\u0219edintele Vladimir Putin, \u00een timpul primului s\u0103u mandat la Casa Alb\u0103. \u201dPre\u0219edintelui Putin i-a pl\u0103cut ideea de a reduce arsenalul nuclear. Credem c\u0103 restul lumii ar face asta, inclusiv China\u201d.<\/p>","protected":false},"excerpt":{"rendered":"<p>Grenell a participat prin teleconferin\u021b\u0103 la Forumul Economic Mondial de la Davos, av\u00e2nd o discu\u021bie&hellip;<\/p>\n","protected":false},"author":0,"featured_media":26352,"comment_status":"open","ping_status":"open","sticky":false,"template":"","format":"standard","meta":{"footnotes":""},"categories":[2],"tags":[],"class_list":["post-26361","post","type-post","status-publish","format-standard","has-post-thumbnail","hentry","category-actual"],"_links":{"self":[{"href":"https:\/\/247stiri.ro\/index.php\/wp-json\/wp\/v2\/posts\/26361","targetHints":{"allow":["GET"]}}],"collection":[{"href":"https:\/\/247stiri.ro\/index.php\/wp-json\/wp\/v2\/posts"}],"about":[{"href":"https:\/\/247stiri.ro\/index.php\/wp-json\/wp\/v2\/types\/post"}],"replies":[{"embeddable":true,"href":"https:\/\/247stiri.ro\/index.php\/wp-json\/wp\/v2\/comments?post=26361"}],"version-history":[{"count":0,"href":"https:\/\/247stiri.ro\/index.php\/wp-json\/wp\/v2\/posts\/26361\/revisions"}],"wp:featuredmedia":[{"embeddable":true,"href":"https:\/\/247stiri.ro\/index.php\/wp-json\/wp\/v2\/media\/26352"}],"wp:attachment":[{"href":"https:\/\/247stiri.ro\/index.php\/wp-json\/wp\/v2\/media?parent=26361"}],"wp:term":[{"taxonomy":"category","embeddable":true,"href":"https:\/\/247stiri.ro\/index.php\/wp-json\/wp\/v2\/categories?post=26361"},{"taxonomy":"post_tag","embeddable":true,"href":"https:\/\/247stiri.ro\/index.php\/wp-json\/wp\/v2\/tags?post=26361"}],"curies":[{"name":"wp","href":"https:\/\/api.w.org\/{rel}","templated":true}]}}