{"id":26363,"date":"2025-01-24T16:51:35","date_gmt":"2025-01-24T16:51:35","guid":{"rendered":"https:\/\/247stiri.ro\/index.php\/2025\/01\/24\/vlad-oprea-primarul-din-sinaia-se-declara-nevinovat-si-spune-ca-un-grup-de-interese-vrea-sa-puna-mana-pe-oras\/"},"modified":"2025-01-24T16:51:35","modified_gmt":"2025-01-24T16:51:35","slug":"vlad-oprea-primarul-din-sinaia-se-declara-nevinovat-si-spune-ca-un-grup-de-interese-vrea-sa-puna-mana-pe-oras","status":"publish","type":"post","link":"https:\/\/247stiri.ro\/index.php\/2025\/01\/24\/vlad-oprea-primarul-din-sinaia-se-declara-nevinovat-si-spune-ca-un-grup-de-interese-vrea-sa-puna-mana-pe-oras\/","title":{"rendered":"Vlad Oprea, primarul din Sinaia, se declar\u0103 nevinovat \u0219i spune c\u0103 un grup de interese vrea s\u0103 \u201epun\u0103 m\u00e2na pe ora\u0219\u201d"},"content":{"rendered":"<p>\u201eAm interdic\u021bie de a discuta cu unele persoane, pe unele nici m\u0103car nu le cunosc \u0219i sunt supus m\u0103surii controlului judiciar, adic\u0103 nu am voie s\u0103 intru \u00een sediul prim\u0103riei, s\u0103 \u00eemi exercit mandatul de primar. Este clar c\u0103 \u00een spatele acestor ac\u021biuni e acela\u0219i grup de interese care vrea s\u0103 pun\u0103 m\u00e2na pe Sinaia \u0219i e clar c\u0103 nu am niciun fel de leg\u0103tura cu cei care au p\u0103c\u0103lit zeci de rom\u00e2ni s\u0103 cumpere apartamente de c\u00e2te 2 sau 3 ori, ceea ce e iar un lucru de neacceptat\u201d, a declarat Vlad Oprea.\u00a0<\/p>\n<p>El a f\u0103cut astfel referire la\u00a0denun\u021bul formulat\u00a0de Vladimir Ciorb\u0103, patronul Nordis, \u00eempotriva sa. Potrivit denun\u021bului, Oprea ar fi luat mit\u0103 238.000 de euro de la Ciorb\u0103 pentru ca, la schimb, s\u0103 emit\u0103 avizele de care Nordis avea nevoie pentru construirea unui hotel \u00een sta\u021biunea prahovean\u0103.<\/p>\n<p>Primarul a negat categoric c\u0103 a luat \u0219pag\u0103: \u201eN-am avut nicio treab\u0103 cu a\u0219a ceva. E exclus!\u201d.<\/p>\n<p>\u0218oferul lui Oprea, amendat<\/p>\n<p>Vlad Oprea a f\u0103cut aceste declara\u021bii vineri, c\u00e2nd a ajuns la sediul Poli\u021biei Sinaia ca s\u0103 dea cu subsemnatul, dup\u0103 ce a fost pus sub control judiciar. El trebuie s\u0103 pl\u0103teasc\u0103 p\u00e2n\u0103 luni o cau\u021biune de 600.000 de lei.<\/p>\n<p>Potrivit Digi24, \u0219oferul ma\u0219inii care l-a adus pe Oprea la sediul Poli\u021biei a fost amendat pentru ca circulat pe sens interzis.<\/p>\n<p>Primarul din Sinaia mai e acuzat, pe l\u00e2ng\u0103 luare de mit\u0103, de abuz \u00een serviciu \u015fi sp\u0103lare de bani, dar \u0219i de acte de comer\u0163 incompatibile cu func\u0163ia, pentru c\u0103 ar fi administrat firma mamei sale, de\u015fi nu are voie.<\/p>","protected":false},"excerpt":{"rendered":"<p>\u201eAm interdic\u021bie de a discuta cu unele persoane, pe unele nici m\u0103car nu le cunosc&hellip;<\/p>\n","protected":false},"author":0,"featured_media":26358,"comment_status":"open","ping_status":"open","sticky":false,"template":"","format":"standard","meta":{"footnotes":""},"categories":[2],"tags":[],"class_list":["post-26363","post","type-post","status-publish","format-standard","has-post-thumbnail","hentry","category-actual"],"_links":{"self":[{"href":"https:\/\/247stiri.ro\/index.php\/wp-json\/wp\/v2\/posts\/26363","targetHints":{"allow":["GET"]}}],"collection":[{"href":"https:\/\/247stiri.ro\/index.php\/wp-json\/wp\/v2\/posts"}],"about":[{"href":"https:\/\/247stiri.ro\/index.php\/wp-json\/wp\/v2\/types\/post"}],"replies":[{"embeddable":true,"href":"https:\/\/247stiri.ro\/index.php\/wp-json\/wp\/v2\/comments?post=26363"}],"version-history":[{"count":0,"href":"https:\/\/247stiri.ro\/index.php\/wp-json\/wp\/v2\/posts\/26363\/revisions"}],"wp:featuredmedia":[{"embeddable":true,"href":"https:\/\/247stiri.ro\/index.php\/wp-json\/wp\/v2\/media\/26358"}],"wp:attachment":[{"href":"https:\/\/247stiri.ro\/index.php\/wp-json\/wp\/v2\/media?parent=26363"}],"wp:term":[{"taxonomy":"category","embeddable":true,"href":"https:\/\/247stiri.ro\/index.php\/wp-json\/wp\/v2\/categories?post=26363"},{"taxonomy":"post_tag","embeddable":true,"href":"https:\/\/247stiri.ro\/index.php\/wp-json\/wp\/v2\/tags?post=26363"}],"curies":[{"name":"wp","href":"https:\/\/api.w.org\/{rel}","templated":true}]}}