{"id":26364,"date":"2025-01-24T16:51:35","date_gmt":"2025-01-24T16:51:35","guid":{"rendered":"https:\/\/247stiri.ro\/index.php\/2025\/01\/24\/george-simion-liderul-suveranistilor-romani-la-marsul-unirii-de-la-focsani-nu-ne-dezicem-de-calin-georgescu\/"},"modified":"2025-01-24T16:51:35","modified_gmt":"2025-01-24T16:51:35","slug":"george-simion-liderul-suveranistilor-romani-la-marsul-unirii-de-la-focsani-nu-ne-dezicem-de-calin-georgescu","status":"publish","type":"post","link":"https:\/\/247stiri.ro\/index.php\/2025\/01\/24\/george-simion-liderul-suveranistilor-romani-la-marsul-unirii-de-la-focsani-nu-ne-dezicem-de-calin-georgescu\/","title":{"rendered":"George Simion, liderul suverani\u0219tilor rom\u00e2ni, la Mar\u0219ul Unirii de la Foc\u0219ani: \u201eNu ne dezicem de C\u0103lin Georgescu\u201d"},"content":{"rendered":"<p>Un mar\u015f al Unirii a avut loc vineri la Foc\u015fani, la care a fost prezent \u015fi pre\u015fedintele AUR, George Simion. El a afirmat c\u0103 nu se dezice de C\u0103lin Georgescu deoarece \u201deste ca \u015fi cum ne-am dezice de democra\u0163ie \u015fi votul poporului rom\u00e2n\u201d. Oamenii au scandat \u201dTurul 2 \u00eenapoi\u201d \u015fi \u201dLibertate\u201d, relateaz\u0103<a href=\"http:\/\/www.news.ro\/\">\u00a0News.ro<\/a>.<\/p>\n<p>George Simion a fost prezent la un mar\u015f al Unirii la Foc\u015fani.\u00a0\u201dV\u0103 salut\u0103m \u015fi de la Foc\u015fani. Foarte mult\u0103 lume str\u00e2ns\u0103 \u015fi aici pentru un Mar\u015f al Unirii. Mul\u0163umesc tuturor celor cu care m-am v\u0103zut ast\u0103zi la Ia\u015fi, la Bucure\u015fti la Foc\u015fani, acum tuturor celor care protesteaz\u0103 \u00een continuare \u00een Pia\u0163a Victoriei, \u00eempreun\u0103 suntem o for\u0163\u0103. Unii spun de ce a fost huiduit aici la Foc\u015fani domnul Bolojan \u015fi \u00cenalt Preasfin\u0163itul Ciprian a zis c\u0103 ar trebui s\u0103 fim buni cre\u015ftini. De acord, s\u0103 fim buni cre\u015ftini. Dar \u015fi ei s\u0103 fie buni cre\u015ftini. Iar \u00een momentul \u00een care e\u015fti p\u0103rta\u015f la o lovitur\u0103 de stat, \u00een momentul \u00een care vrei s\u0103 suprimi dreptul cuiva de a candida, nu m\u0103 intereseaz\u0103 dac\u0103 e\u015fti \u015eo\u015foac\u0103, nu m\u0103 intereseaz\u0103 oricine ar fi, dac\u0103 nu are drepturile electorale oprite de c\u0103tre o instan\u0163\u0103, acel om trebuie s\u0103 candideze\u201d, a afirmat George Simion.<a href=\"https:\/\/www.realitatea.net\/stiri\/politica\/george-simion-la-marsul-unirii-de-la-iasi-am-avut-multa-durere-si-multa-multa-tradare-acolo-in-fruntea-tarii_67937c3f8fba33694079b267\" target=\"_blank\">George Simion, la Mar\u0219ul Unirii de la Ia\u0219i: Am avut mult\u0103 durere \u0219i mult\u0103, mult\u0103 tr\u0103dare acolo, \u00een fruntea \u021b\u0103rii<\/a>Oamenii au scandat \u201dTurul 2 \u00eenapoi\u201d, \u201dUnitate Na\u0163ional\u0103\u201d, Tr\u0103iasc\u0103, tr\u0103iasc\u0103 \u015fi \u00eenfloreasc\u0103 Moldova, Ardealul \u015fi \u0162ara Rom\u00e2neasc\u0103!\u201d, \u201dBasarabia e Rom\u00e2nia\u201d, \u201dLibertate\u201d \u015fi au c\u00e2ntat \u201dTrece\u0163i batalioane rom\u00e2ne, Carpa\u0163ii\u201d.George Simion a mai declarat c\u0103 aceste mar\u015furi pe 24 ianuarie devin o tradi\u0163ie.\u00a0\u201dSunt bucuros c\u0103 deja aceste mar\u015furi pe 24 ianuarie devin o tradi\u0163ie \u00een \u0163ara noastr\u0103 \u015fi \u00een r\u00e2ndurile membrilor AUR, la fel cum este participarea \u00een prima duminic\u0103 a lunii septembrie la \u0162ebea \u015fi participarea pe 1 decembrie la Alba Iulia. Unirea face puterea, v\u0103 chem pe fiecare dintre voi s\u0103 v\u0103 al\u0103tura\u0163i ac\u0163iunilor urm\u0103toare care trebuie s\u0103 uneasc\u0103 \u00een cuget \u015fi sim\u0163iri na\u0163iunea rom\u00e2n\u0103\u201d, a mai transmis liderul AUR.Manifestarea s-a \u00eencheiat cu o Hor\u0103 a Unirii.<\/p>","protected":false},"excerpt":{"rendered":"<p>Un mar\u015f al Unirii a avut loc vineri la Foc\u015fani, la care a fost prezent&hellip;<\/p>\n","protected":false},"author":0,"featured_media":26360,"comment_status":"open","ping_status":"open","sticky":false,"template":"","format":"standard","meta":{"footnotes":""},"categories":[2],"tags":[],"class_list":["post-26364","post","type-post","status-publish","format-standard","has-post-thumbnail","hentry","category-actual"],"_links":{"self":[{"href":"https:\/\/247stiri.ro\/index.php\/wp-json\/wp\/v2\/posts\/26364","targetHints":{"allow":["GET"]}}],"collection":[{"href":"https:\/\/247stiri.ro\/index.php\/wp-json\/wp\/v2\/posts"}],"about":[{"href":"https:\/\/247stiri.ro\/index.php\/wp-json\/wp\/v2\/types\/post"}],"replies":[{"embeddable":true,"href":"https:\/\/247stiri.ro\/index.php\/wp-json\/wp\/v2\/comments?post=26364"}],"version-history":[{"count":0,"href":"https:\/\/247stiri.ro\/index.php\/wp-json\/wp\/v2\/posts\/26364\/revisions"}],"wp:featuredmedia":[{"embeddable":true,"href":"https:\/\/247stiri.ro\/index.php\/wp-json\/wp\/v2\/media\/26360"}],"wp:attachment":[{"href":"https:\/\/247stiri.ro\/index.php\/wp-json\/wp\/v2\/media?parent=26364"}],"wp:term":[{"taxonomy":"category","embeddable":true,"href":"https:\/\/247stiri.ro\/index.php\/wp-json\/wp\/v2\/categories?post=26364"},{"taxonomy":"post_tag","embeddable":true,"href":"https:\/\/247stiri.ro\/index.php\/wp-json\/wp\/v2\/tags?post=26364"}],"curies":[{"name":"wp","href":"https:\/\/api.w.org\/{rel}","templated":true}]}}