{"id":26365,"date":"2025-01-24T16:51:36","date_gmt":"2025-01-24T16:51:36","guid":{"rendered":"https:\/\/247stiri.ro\/index.php\/2025\/01\/24\/gabriel-oprea-mesaj-de-ziua-unirii-principatelor-astazi-trebuie-sa-omagiem-toti-militarii-si-politistii-romani-care-si-au-dat-viata-in-istoria-statului-roman-modern-din-1877-incoace\/"},"modified":"2025-01-24T16:51:36","modified_gmt":"2025-01-24T16:51:36","slug":"gabriel-oprea-mesaj-de-ziua-unirii-principatelor-astazi-trebuie-sa-omagiem-toti-militarii-si-politistii-romani-care-si-au-dat-viata-in-istoria-statului-roman-modern-din-1877-incoace","status":"publish","type":"post","link":"https:\/\/247stiri.ro\/index.php\/2025\/01\/24\/gabriel-oprea-mesaj-de-ziua-unirii-principatelor-astazi-trebuie-sa-omagiem-toti-militarii-si-politistii-romani-care-si-au-dat-viata-in-istoria-statului-roman-modern-din-1877-incoace\/","title":{"rendered":"Gabriel Oprea, mesaj de Ziua Unirii Principatelor: Ast\u0103zi trebuie s\u0103 omagiem to\u021bi militarii \u0219i poli\u021bi\u0219tii rom\u00e2ni care \u0219i-au dat via\u021ba \u00een istoria statului rom\u00e2n modern din 1877 \u00eencoace"},"content":{"rendered":"<p>\u201eAst\u0103zi s\u0103rb\u0103torim 166 de ani de c\u00e2nd in 1859 s-au unit principatele rom\u00e2ne, iar domnitorul Al. I. Cuza \u0219i-a f\u0103cut datoria fa\u021b\u0103 de Rom\u00e2nia cu demnitatea unui militar. Ast\u0103zi trebuie sa omagiem to\u021bi militarii si poli\u021bi\u0219tii rom\u00e2ni care \u0219i-au dat via\u021ba in istoria statului rom\u00e2n modern \u00een r\u0103zboiul de independen\u021b\u0103 de la 1877, in primul r\u0103zboi mondial, prin victoriile de la M\u0103r\u0103\u0219ti, M\u0103r\u0103\u0219e\u0219ti, Oituz s-a ajuns la Rom\u00e2nia mare, \u00een al doilea r\u0103zboi mondial, pe teritoriul na\u021bional sau pe teatrele de opera\u021bii. De aceea este strategic sa aducem ast\u0103zi de ziua unirii un omagiu militarilor si poli\u021bi\u0219tilor.<\/p>\n<p>Cred c\u0103 domnul C\u0103lin Georgescu de aceea a venit la acest monument, a\u0219ezat strategic \u00een fata Palatului Copiilor, deci t\u00e2n\u0103ra genera\u021bie sa ia un exemplu de la sacrificiile militarilor si poli\u021bi\u0219tilor romani. Acest monument a fost f\u0103cut in anul 2010, eram ministrul Ap\u0103r\u0103rii, am fost sprijinit de c\u0103tre primarul Piedone, ne-a sprijinit logistic, dar l-am f\u0103cut din fonduri personale si l-am donat armatei romane. Cred ca acestea au fost principiile de baza in care a ales domnul Calin Georgescu acest monument, singurul de altfel de astfel de dimensiuni care simbolizeaz\u0103 doi militari romani cu casca, cu s\u0103biile pe piept si aici este importanta, sunt reprezentate in acest monument cele 3 arme ale armatei romane. Trupele terestre, maritime si ale avia\u021biei.<\/p>\n<p>Sistemul de valori Dumnezeu, patrie, familie, onoare reprezinta sistemul de valori al patrio\u021bilor romani in general si al militarilor si poli\u021bi\u0219tilor in rezerva si in retragere in special. Ce \u00ee\u0219i doresc ast\u0103zi romanii de peste tot? O viata mai buna, prosperitate si siguran\u021ba pentru ei si copii lor. Siguran\u021ba \u00eentotdeauna este asigurat\u0103 de militari si poli\u021bi\u0219ti, militarii activi trebuie sa fie dota\u021bi si cu drepturi la zi, iar militarii in rezerva si in retragere trebuie respecta\u021bi. Dreptul de a-\u021bi ap\u0103ra tara este un drept si o obliga\u021bie pentru cet\u0103\u021benii intre 18 si 35 de ani, dar militarii si poli\u021bi\u0219tii in rezerva care au un contract pe viata cu statul roman, pana la 62 de ani \u00eemplini\u021bi. Ast\u0103zi cred ca este o zi a concordiei na\u021bionale si a\u0219a trebuie s\u0103 r\u0103m\u00e2n\u0103.\u201d, a declarat Gabriel Oprea.<\/p>\n<p>Fostul ministru al Ap\u0103r\u0103rii a f\u0103cut preciz\u0103ri \u0219i despre protestul militarilor si poli\u021bi\u0219tilor in rezerv\u0103 si \u00een retragere din Pia\u021ba Victoriei:<\/p>\n<p>\u201e\u00cen anul 2015 am f\u0103cut \u00eempreun\u0103 cu aceste sindicate si asocia\u021bii am f\u0103cut legea 223, o lege dreapta pentru aceste categorii sociale care \u00ee\u0219i pun via\u021ba chez\u0103\u0219ie sa \u00ee\u0219i apere tara, am trecut-o ca vicepremier in func\u021bie si senator in senat fara niciun vot \u00eempotriv\u0103 si a produs efectele un an si 9 luni, dar din p\u0103cate a fost m\u0103cel\u0103rit\u0103 \u00eencep\u00e2nd cu Guvernul Ciolo\u0219 si de celelalte guverne.\u201d<\/p>\n<p>\u00a0<\/p>","protected":false},"excerpt":{"rendered":"<p>\u201eAst\u0103zi s\u0103rb\u0103torim 166 de ani de c\u00e2nd in 1859 s-au unit principatele rom\u00e2ne, iar domnitorul&hellip;<\/p>\n","protected":false},"author":0,"featured_media":26366,"comment_status":"open","ping_status":"open","sticky":false,"template":"","format":"standard","meta":{"footnotes":""},"categories":[2],"tags":[],"class_list":["post-26365","post","type-post","status-publish","format-standard","has-post-thumbnail","hentry","category-actual"],"_links":{"self":[{"href":"https:\/\/247stiri.ro\/index.php\/wp-json\/wp\/v2\/posts\/26365","targetHints":{"allow":["GET"]}}],"collection":[{"href":"https:\/\/247stiri.ro\/index.php\/wp-json\/wp\/v2\/posts"}],"about":[{"href":"https:\/\/247stiri.ro\/index.php\/wp-json\/wp\/v2\/types\/post"}],"replies":[{"embeddable":true,"href":"https:\/\/247stiri.ro\/index.php\/wp-json\/wp\/v2\/comments?post=26365"}],"version-history":[{"count":0,"href":"https:\/\/247stiri.ro\/index.php\/wp-json\/wp\/v2\/posts\/26365\/revisions"}],"wp:featuredmedia":[{"embeddable":true,"href":"https:\/\/247stiri.ro\/index.php\/wp-json\/wp\/v2\/media\/26366"}],"wp:attachment":[{"href":"https:\/\/247stiri.ro\/index.php\/wp-json\/wp\/v2\/media?parent=26365"}],"wp:term":[{"taxonomy":"category","embeddable":true,"href":"https:\/\/247stiri.ro\/index.php\/wp-json\/wp\/v2\/categories?post=26365"},{"taxonomy":"post_tag","embeddable":true,"href":"https:\/\/247stiri.ro\/index.php\/wp-json\/wp\/v2\/tags?post=26365"}],"curies":[{"name":"wp","href":"https:\/\/api.w.org\/{rel}","templated":true}]}}