{"id":26385,"date":"2025-01-24T18:46:20","date_gmt":"2025-01-24T18:46:20","guid":{"rendered":"https:\/\/247stiri.ro\/index.php\/2025\/01\/24\/incident-socant-roman-de-18-ani-injunghiat-de-o-banda-se-sirieni-in-germania\/"},"modified":"2025-01-24T18:46:20","modified_gmt":"2025-01-24T18:46:20","slug":"incident-socant-roman-de-18-ani-injunghiat-de-o-banda-se-sirieni-in-germania","status":"publish","type":"post","link":"https:\/\/247stiri.ro\/index.php\/2025\/01\/24\/incident-socant-roman-de-18-ani-injunghiat-de-o-banda-se-sirieni-in-germania\/","title":{"rendered":"Incident \u0219ocant. Rom\u00e2n de 18 ani \u00eenjunghiat de o band\u0103 se sirieni \u00een Germania"},"content":{"rendered":"<p>Potrivit publica\u021biei germane Bild, incidentul a avut loc joi sear\u0103, \u00een centrul ora\u0219ului, c\u00e2nd trei b\u0103rba\u021bi au agresat victima \u0219i au lovit-o de mai multe ori cu un cu\u021bit \u00een spate.<\/p>\n<p>Martorii spun c\u0103, dup\u0103 atac, t\u00e2n\u0103rul a c\u0103zut la p\u0103m\u00e2nt, acoperit de s\u00e2nge, \u00een timp ce echipajele medicale au \u00eencercat cu disperare s\u0103-i salveze via\u021ba. R\u0103nile suferite au fost grave, iar starea victimei este considerat\u0103 critic\u0103. Un elicopter medical l-a transportat de urgen\u021b\u0103 la o clinic\u0103 specializat\u0103 din Bochum, unde medicii continu\u0103 s\u0103-i acorde \u00eengrijiri.<\/p>\n<p>Suspec\u021bi de origine sirian\u0103, re\u021binu\u021bi de poli\u021bie<\/p>\n<p>Autorit\u0103\u021bile germane au intervenit rapid, iar cei trei suspec\u021bi \u2013 Ahmad Al T. (26 de ani), Sulaiman A. (24 de ani) \u0219i Mahmoud A. (15 ani) \u2013 au fost aresta\u021bi la scurt timp dup\u0103 atac. Potrivit sursei citate, poli\u021bi\u0219tii i-au prins \u00een timp ce \u00eencercau s\u0103 fug\u0103. La momentul re\u021binerii, unul dintre agresori a fost surprins z\u00e2mbind, \u00een timp ce era \u00eenc\u0103tu\u0219at.<\/p>\n<p>Procurorii germani investigheaz\u0103 cazul sub acuza\u021bia de tentativ\u0103 de omor. Primele informa\u021bii indic\u0103 faptul c\u0103 atacul ar putea fi o ac\u021biune de r\u0103zbunare. \u00cen aceea\u0219i sear\u0103, cu pu\u021bin timp \u00eenainte de incident, ar fi avut loc o alterca\u021bie \u00een care t\u00e2n\u0103rul sirian de 15 ani ar fi fost agresat. Se presupune c\u0103 cei trei suspec\u021bi au pl\u0103nuit ulterior atacul asupra rom\u00e2nului, ceea ce a dus la o escaladare violent\u0103 a situa\u021biei.<\/p>\n<p>O echip\u0103 specializat\u0103 de criminali\u0219ti investigheaz\u0103 \u00een prezent cazul pentru a stabili care dintre suspec\u021bi a folosit cu\u021bitul \u00een timpul atacului. De asemenea, poli\u021bia analizeaz\u0103 circumstan\u021bele alterca\u021biei anterioare \u0219i leg\u0103turile dintre victim\u0103 \u0219i agresori.<\/p>\n<p>\u00centre timp, familia victimei, care a fost prezent\u0103 la locul incidentului, trece prin momente de co\u0219mar. Mama t\u00e2n\u0103rului a fost v\u0103zut\u0103 pl\u00e2ng\u00e2nd disperat\u0103, fiind consolat\u0103 de echipele de interven\u021bie.<\/p>","protected":false},"excerpt":{"rendered":"<p>Potrivit publica\u021biei germane Bild, incidentul a avut loc joi sear\u0103, \u00een centrul ora\u0219ului, c\u00e2nd trei&hellip;<\/p>\n","protected":false},"author":0,"featured_media":26372,"comment_status":"open","ping_status":"open","sticky":false,"template":"","format":"standard","meta":{"footnotes":""},"categories":[2],"tags":[],"class_list":["post-26385","post","type-post","status-publish","format-standard","has-post-thumbnail","hentry","category-actual"],"_links":{"self":[{"href":"https:\/\/247stiri.ro\/index.php\/wp-json\/wp\/v2\/posts\/26385","targetHints":{"allow":["GET"]}}],"collection":[{"href":"https:\/\/247stiri.ro\/index.php\/wp-json\/wp\/v2\/posts"}],"about":[{"href":"https:\/\/247stiri.ro\/index.php\/wp-json\/wp\/v2\/types\/post"}],"replies":[{"embeddable":true,"href":"https:\/\/247stiri.ro\/index.php\/wp-json\/wp\/v2\/comments?post=26385"}],"version-history":[{"count":0,"href":"https:\/\/247stiri.ro\/index.php\/wp-json\/wp\/v2\/posts\/26385\/revisions"}],"wp:featuredmedia":[{"embeddable":true,"href":"https:\/\/247stiri.ro\/index.php\/wp-json\/wp\/v2\/media\/26372"}],"wp:attachment":[{"href":"https:\/\/247stiri.ro\/index.php\/wp-json\/wp\/v2\/media?parent=26385"}],"wp:term":[{"taxonomy":"category","embeddable":true,"href":"https:\/\/247stiri.ro\/index.php\/wp-json\/wp\/v2\/categories?post=26385"},{"taxonomy":"post_tag","embeddable":true,"href":"https:\/\/247stiri.ro\/index.php\/wp-json\/wp\/v2\/tags?post=26385"}],"curies":[{"name":"wp","href":"https:\/\/api.w.org\/{rel}","templated":true}]}}