{"id":26393,"date":"2025-01-24T19:49:48","date_gmt":"2025-01-24T19:49:48","guid":{"rendered":"https:\/\/247stiri.ro\/index.php\/2025\/01\/24\/consultari-intre-sindicate-si-guvern-concluzia-ordonanta-trenulet-nu-este-pe-placul-angajatilor-ce-solutii-propune-executivul\/"},"modified":"2025-01-24T19:49:48","modified_gmt":"2025-01-24T19:49:48","slug":"consultari-intre-sindicate-si-guvern-concluzia-ordonanta-trenulet-nu-este-pe-placul-angajatilor-ce-solutii-propune-executivul","status":"publish","type":"post","link":"https:\/\/247stiri.ro\/index.php\/2025\/01\/24\/consultari-intre-sindicate-si-guvern-concluzia-ordonanta-trenulet-nu-este-pe-placul-angajatilor-ce-solutii-propune-executivul\/","title":{"rendered":"Consult\u0103ri \u00eentre sindicate \u0219i Guvern. Concluzia: Ordonan\u021ba trenule\u021b nu este pe placul angaja\u021bilor. Ce solu\u021bii propune Executivul?"},"content":{"rendered":"<p>O delega\u021bie a Guvernului condus\u0103 de \u0219eful Cancelariei Prim-Ministrului, \u0218tefan Radu Oprea, a avut ast\u0103zi, la Palatul Victoria, consult\u0103ri cu reprezentan\u021bii asocia\u021biilor din sistemul de ap\u0103rare, ordine public\u0103 \u0219i siguran\u021b\u0103 na\u021bional\u0103, precum \u0219i cu cei ai sindicatelor din domeniile s\u0103n\u0103tate \u0219i asisten\u021b\u0103 social\u0103, feroviar, silvic, minerit, siderurgic, aeronautic, administrativ \u0219i asocia\u021bii ale revolu\u021bionarilor.<\/p>\n<p>Discu\u021biile au fost axate asupra solu\u021biilor Guvernului la solicit\u0103rile formulate de reprezentan\u021bii partenerilor sociali, \u00eendeosebi cele care \u021bin de drepturile salariale \u0219i de pensii.<\/p>\n<p>\u201dAve\u021bi \u00een Guvernul Rom\u00e2niei \u0219i \u00een prim-ministrul Marcel Ciolacu parteneri de dialog care au toat\u0103 disponibilitatea s\u0103 g\u0103seasc\u0103 solu\u021bii la problemele semnalate de dumneavoastr\u0103, \u021bin\u00e2nd cont de doi parametrii importan\u021bi: protejarea puterii de cump\u0103rare a oamenilor \u0219i men\u021binerea echilibrului macro-economic\u201d, a afirmat \u0219eful Cancelariei Prim-Ministrului, \u0218tefan Radu Oprea.<\/p>\n<p>\u00cen cadrul \u00eent\u00e2lnirii cu reprezentan\u021bii asocia\u021biilor din sistemul de ap\u0103rare, ordine public\u0103 \u0219i siguran\u021b\u0103 na\u021bional\u0103, a fost analizat \u00a0stadiul solu\u021biilor\u00a0 identificate \u00een cadrul \u00eent\u00e2lnirilor anterioare cu premierul Marcel Ciolacu \u0219i vicepremierul C\u0103t\u0103lin Predoiu. Este vorba despre solu\u021bii pentru plata orelor suplimentare lucrate \u00een zilele de week-end sau s\u0103rb\u0103tori legale de c\u0103tre angaja\u021bii din acest domeniu, precum \u0219i pentru amnistierea financiar\u0103 a pensionarilor militari ale c\u0103ror pensii au fost calculate \u00een mod eronat.<\/p>\n<p>Aceste solu\u021bii legislative ale Guvernului vor fi promovate \u00een Parlament, la \u00eenceputul sesiunii parlamentare, ca amendamente la Legea de aprobare a Ordonan\u021bei de Urgen\u021b\u0103 nr. 156 din 30 decembrie 2024 privind unele m\u0103suri fiscal-bugetare \u00een domeniul cheltuielilor publice pentru fundamentarea bugetului general consolidat pe anul 2025, pentru modificarea \u0219i completarea unor acte normative, precum \u0219i pentru prorogarea unor termene.\u00cen ceea ce prive\u0219te actualizarea pensiilor militare, o alt\u0103 solicitare a reprezentan\u021bilor asocia\u021biilor, Guvernul va veni cu o solu\u021bie dup\u0103 \u00a0publicarea motiva\u021biei Cur\u021bii Constitu\u021bionale a Rom\u00e2niei \u00een Monitorul Oficial.\u00a0<\/p>\n<p>Un alt punct important al discu\u021biei s-a referit la indexarea pensiilor. \u00cen acest context, la nivelul Guvernului va fi f\u0103cut\u0103 o nou\u0103 evaluare la rectificarea bugetar\u0103 din acest an \u0219i, \u00een func\u021bie de nivelul colect\u0103rii bugetare, va fi luat\u0103 o decizie cu privire la sustenabilitatea economic\u0103 a index\u0103rii pensiilor.<\/p>\n<p>Tot ast\u0103zi, la Palatul Victoria, au avut loc consult\u0103ri cu reprezentan\u021bii sindicatelor din domeniile s\u0103n\u0103tate \u0219i asisten\u021b\u0103 social\u0103, feroviar, silvic, minerit, siderurgic, aeronautic, administrativ \u0219i asocia\u021bii ale revolu\u021bionarilor.Reprezentan\u021bii Guvernului \u0219i cei ai sindicatelor au agreat s\u0103 continue discu\u021biile \u00eentre Ministerul Finan\u021belor \u0219i conducerile companiilor de stat din domeniile feroviar, silvic, energetic, siderurgic pentru clarificarea modului de aplicare a Ordonan\u021bei de Urgen\u021b\u0103 nr. 156\/2024 la nivelul acestor operatori economici. Solu\u021bia a rezultat ca urmare a interpret\u0103rilor diferite \u00een implementarea unora dintre prevederile actului normativ.De asemenea, va continua dialogul \u00eentre reprezentan\u021bii Guvernului \u0219i cei ai sindicatelor pentru analizarea punctual\u0103 a aspectelor semnalate \u0219i a solu\u021biilor de r\u0103spuns.<\/p>","protected":false},"excerpt":{"rendered":"<p>O delega\u021bie a Guvernului condus\u0103 de \u0219eful Cancelariei Prim-Ministrului, \u0218tefan Radu Oprea, a avut ast\u0103zi,&hellip;<\/p>\n","protected":false},"author":0,"featured_media":26391,"comment_status":"open","ping_status":"open","sticky":false,"template":"","format":"standard","meta":{"footnotes":""},"categories":[2],"tags":[],"class_list":["post-26393","post","type-post","status-publish","format-standard","has-post-thumbnail","hentry","category-actual"],"_links":{"self":[{"href":"https:\/\/247stiri.ro\/index.php\/wp-json\/wp\/v2\/posts\/26393","targetHints":{"allow":["GET"]}}],"collection":[{"href":"https:\/\/247stiri.ro\/index.php\/wp-json\/wp\/v2\/posts"}],"about":[{"href":"https:\/\/247stiri.ro\/index.php\/wp-json\/wp\/v2\/types\/post"}],"replies":[{"embeddable":true,"href":"https:\/\/247stiri.ro\/index.php\/wp-json\/wp\/v2\/comments?post=26393"}],"version-history":[{"count":0,"href":"https:\/\/247stiri.ro\/index.php\/wp-json\/wp\/v2\/posts\/26393\/revisions"}],"wp:featuredmedia":[{"embeddable":true,"href":"https:\/\/247stiri.ro\/index.php\/wp-json\/wp\/v2\/media\/26391"}],"wp:attachment":[{"href":"https:\/\/247stiri.ro\/index.php\/wp-json\/wp\/v2\/media?parent=26393"}],"wp:term":[{"taxonomy":"category","embeddable":true,"href":"https:\/\/247stiri.ro\/index.php\/wp-json\/wp\/v2\/categories?post=26393"},{"taxonomy":"post_tag","embeddable":true,"href":"https:\/\/247stiri.ro\/index.php\/wp-json\/wp\/v2\/tags?post=26393"}],"curies":[{"name":"wp","href":"https:\/\/api.w.org\/{rel}","templated":true}]}}