{"id":26394,"date":"2025-01-24T19:49:48","date_gmt":"2025-01-24T19:49:48","guid":{"rendered":"https:\/\/247stiri.ro\/index.php\/2025\/01\/24\/trump-se-gandeste-deja-la-un-al-treilea-mandat-a-fost-introdus-un-amendament-care-ii-permite-oricarui-presedinte-3-mandate\/"},"modified":"2025-01-24T19:49:48","modified_gmt":"2025-01-24T19:49:48","slug":"trump-se-gandeste-deja-la-un-al-treilea-mandat-a-fost-introdus-un-amendament-care-ii-permite-oricarui-presedinte-3-mandate","status":"publish","type":"post","link":"https:\/\/247stiri.ro\/index.php\/2025\/01\/24\/trump-se-gandeste-deja-la-un-al-treilea-mandat-a-fost-introdus-un-amendament-care-ii-permite-oricarui-presedinte-3-mandate\/","title":{"rendered":"Trump se g\u00e2nde\u0219te deja la un al treilea mandat! A fost introdus un amendament care \u00eei permite oric\u0103rui pre\u0219edinte 3 mandate"},"content":{"rendered":"<p>Un membru republican al Camerei Reprezentan\u0163ilor a introdus o rezolu\u0163ie de modificare a Constitu\u0163iei SUA pentru a permite pre\u015fedintelui Donald Trump &#8211; \u015fi oric\u0103rui alt viitor pre\u015fedinte &#8211; s\u0103 fie ales pentru a servi un al treilea mandat, relateaz\u0103 CNBC.<\/p>\n<p>Reprezentantul Andy Ogles din Tennessee a introdus m\u0103sura joi, la c\u00e2teva zile dup\u0103 ce Donald Trump a depus jur\u0103m\u00e2ntul pentru un al doilea mandat neconsecutiv la Casa Alb\u0103.<\/p>\n<p>\u00a0<\/p>\n<p>\u00cen prezent, al 22-lea amendament al Constitu\u0163iei SUA interzice oric\u0103rei persoane s\u0103 fie aleas\u0103 pentru mai mult de dou\u0103 mandate.<\/p>\n<p>Trump \u201es-a dovedit a fi singura figur\u0103 din istoria modern\u0103 capabil\u0103 s\u0103 inverseze dec\u0103derea na\u0163iunii noastre \u015fi s\u0103 readuc\u0103 America la m\u0103re\u0163ie \u015fi trebuie s\u0103 i se acorde timpul necesar pentru a-\u015fi atinge acest obiectiv\u201d, a argumentat congresmenul Andy Ogles, care a propus extinderea actualului maxim, de dou\u0103 mandate alese.<\/p>\n<p>CINE POATE AVEA TREI MANDATE, POTRIVIT AMENDAMENTULUI<\/p>\n<p>\u00a0<\/p>\n<p>Rezolu\u0163ia lui Ogles este adaptat\u0103 special pentru a-i permite lui Trump s\u0103 \u00eendeplineasc\u0103 un al treilea mandat, dar nu \u015fi pentru a permite ca trei dintre cei patru fo\u015fti pre\u015fedin\u0163i \u00een via\u0163\u0103 s\u0103 \u00eendeplineasc\u0103 un al treilea mandat \u201eNimeni nu poate fi ales \u00een func\u0163ia de pre\u015fedinte de mai mult de trei ori \u015fi nici nu poate fi ales pentru un mandat suplimentar dup\u0103 ce a fost ales pentru dou\u0103 mandate consecutive\u201d, prevede amendamentul.<\/p>\n<p>Fo\u015ftii pre\u015fedin\u0163i Bill Clinton, George W. Bush \u015fi Barack Obama au avut cu to\u0163ii dou\u0103 mandate consecutive \u015fi, prin urmare, nu ar putea fi ale\u015fi pentru un al treilea mandat. Dar nu \u015fi Trump, care este primul pre\u015fedinte de la Grover Cleveland \u00een 1892 care este ales pentru un al doilea mandat neconsecutiv. Joe Biden este singurul pre\u015fedinte \u00een via\u0163\u0103 care nu a avut dou\u0103 mandate.<\/p>\n<p>\u201eEste imperativ s\u0103 \u00eei oferim pre\u015fedintelui Trump toate resursele necesare pentru a corecta cursul dezastruos stabilit de administra\u0163ia Biden\u201d, a spus Ogles \u00eentr-o declara\u0163ie. \u201eEl este dedicat restaur\u0103rii republicii \u015fi salv\u0103rii \u0163\u0103rii noastre, iar noi, ca legislatori \u015fi ca stat, trebuie s\u0103 facem tot ce ne st\u0103 \u00een putere pentru a-l sprijini\u201d, a declarat Ogles, un conservator intransigent care este la al doilea mandat \u00een Camer\u0103.<\/p>\n<p>\u201ePropun un amendament la Constitu\u0163ie pentru a revizui limit\u0103rile impuse de amendamentul 22 asupra mandatelor preziden\u0163iale\u201d, a precizat el.<\/p>\n<p>CUM SE AMENDEAZ\u0102 CONSTITU\u0162IA SUA<\/p>\n<p>Demersul lui Ogles a venit la trei zile dup\u0103 ce Trump a depus jur\u0103m\u00e2ntul \u00een calitate de pre\u015fedinte.<\/p>\n<p>Rezolu\u0163ia vine, de asemenea, la dou\u0103 luni dup\u0103 ce reprezentantul Dan Goldman, un democrat din New York, a introdus o rezolu\u0163ie \u00een Camer\u0103 care \u201ereafirm\u0103 c\u0103 al 22-lea amendament se aplic\u0103 la dou\u0103 mandate \u00een total ca pre\u015fedinte al Statelor Unite\u201d, iar amendamentul i se aplic\u0103 incluiv lui Trump, \u00een v\u00e2rst\u0103 de 78 de ani.<\/p>\n<p>Un purt\u0103tor de cuv\u00e2nt al Casei Albe nu a r\u0103spuns imediat la o cerere de comentarii privind rezolu\u0163ia lui Ogles, men\u0163ioneaz\u0103 CNBC.<\/p>\n<p>\u00cens\u0103 efortul lui Ogles nu are \u015fanse mari de reu\u015fit\u0103.<\/p>\n<p>Pentru ca o rezolu\u0163ie de modificare a Constitu\u0163iei s\u0103 fie trimis\u0103 Arhivarului Statelor Unite, aceasta trebuie s\u0103 primeasc\u0103 un vot majoritar de dou\u0103 treimi at\u00e2t \u00een Camera Reprezentan\u0163ilor, c\u00e2t \u015fi \u00een Senat (republicanii nu au aceast\u0103 majoritate \u00een niciuna dintre camere &#8211; n.r.). \u00cen plus, trei p\u0103trimi dintre state &#8211; 38 &#8211; trebuie s\u0103 ratifice amendamentul pentru ca acesta s\u0103 devin\u0103 parte a Constitu\u0163iei.<\/p>\n<p>CU DEDICA\u0162IE PENTRU TRUMP<\/p>\n<p>Al 22-lea amendament al Constitu\u0163iei prevede, printre altele, c\u0103 \u201enicio persoan\u0103 nu poate fi aleas\u0103 \u00een func\u0163ia de pre\u015fedinte de mai mult de dou\u0103 ori\u201d. Rezolu\u0163ia lui Ogles \u00eencearc\u0103 s\u0103 revizuiasc\u0103 acest amendament pentru a prevedea c\u0103: \u201eNicio persoan\u0103 nu poate fi aleas\u0103 \u00een func\u0163ia de pre\u015fedinte de mai mult de trei ori\u201d, cu men\u0163iunea c\u0103 persoanele care au \u00eendeplinit dou\u0103 mandate consecutive nu pot fi alese pentru un al treilea mandat.<\/p>\n<p>Amendamentul original prevede, de asemenea, c\u0103 \u201enicio persoan\u0103 care a de\u0163inut func\u0163ia de pre\u015fedinte sau a ac\u0163ionat \u00een calitate de pre\u015fedinte pentru mai mult de doi ani dintr-un mandat pentru care o alt\u0103 persoan\u0103 a fost aleas\u0103 pre\u015fedinte nu poate fi aleas\u0103 \u00een func\u0163ia de pre\u015fedinte mai mult de o dat\u0103\u201d.<\/p>\n<p>Propus \u00een 1947 \u015fi ratificat \u00een 1951, amendamentul 22 a fost elaborat pentru a preveni repetarea alegerii f\u0103r\u0103 precedent a pre\u015fedintelui Franklin Roosevelt pentru patru mandate. P\u00e2n\u0103 \u00een prezent, Roosevelt este singurul pre\u015fedinte care a fost ales pentru mai mult de dou\u0103 mandate. El a murit \u00een 1945, la mai pu\u0163in de 90 de zile dup\u0103 a patra sa \u00eenvestire.<\/p>\n<p>\u00cen prezent, republicanii de\u0163in o majoritate extrem de restr\u00e2ns\u0103, de trei locuri, \u00een Camera Reprezentan\u0163ilor \u015fi au o majoritate tot cu trei mandate mai mult \u015fi \u00een Senat. Pu\u0163ini democra\u0163i, sau chiar niciunul, n-ar vota probabil pentru rezolu\u0163ia lui Ogles cu Trump \u00een func\u0163ie.<\/p>\n<p>VISUL LUI TRUMP<\/p>\n<p>De-a lungul carierei sale politice, Trump a sugerat \u00een repetate r\u00e2nduri c\u0103 este dispus s\u0103 serveasc\u0103 mai mult de dou\u0103 mandate. \u201eB\u0103nuiesc c\u0103 nu voi candida din nou, cu excep\u0163ia cazului \u00een care spune\u0163i: \u201eEste at\u00e2t de bun \u00eenc\u00e2t trebuie s\u0103 ne g\u00e2ndim la altceva\u201d\u201d, le-ar fi spus Trump republicanilor din Camer\u0103 \u00een timpul unei \u00eent\u00e2lniri private \u00een noiembrie, la scurt timp dup\u0103 victoria sa \u00een fa\u0163a fostei vicepre\u015fedinte democrate Kamala Harris.<\/p>\n<p>\u00cen mai, vorbind \u00een fa\u0163a membrilor Asocia\u0163iei Na\u0163ionale a Armelor, Trump a declarat: \u201eNu \u015ftiu, vom fi considera\u0163i cu trei mandate sau cu dou\u0103 mandate? Vom avea trei mandate sau dou\u0103 mandate dac\u0103 vom c\u00e2\u015ftiga?<\/p>\n<p>Deschiderea lui Trump fa\u0163\u0103 de un al treilea mandat nu este o surpriz\u0103 pentru unii oameni care \u00eel cunosc. Fostul jurnalist de la Fox News Geraldo Rivera, care a fost prieten cu Trump timp de decenii \u00een New York, a prezis \u00een decembrie c\u0103 Trump \u015fi alia\u0163ii s\u0103i \u00ee\u015fi vor \u00eendrepta \u00een cur\u00e2nd aten\u0163ia asupra celui de-al 22-lea amendament. \u201ePentru referin\u0163e viitoare: Pre\u015fedintele Trump &amp; Co. vor \u00eencepe \u00een cur\u00e2nd s\u0103 tr\u0103nc\u0103neasc\u0103 despre revocarea\/amendarea Amendamentului 22, care limiteaz\u0103 pre\u015fedin\u0163ii la dou\u0103 mandate de patru ani\u201d, a scris Rivera pe X.<\/p>\n<p>ALTE MODALITAT\u0102\u0162I DE A R\u0102M\u00c2NE LA PUTERE<\/p>\n<p>Modificarea Constitu\u0163iei nu este singura modalitate prin care Trump ar putea r\u0103m\u00e2ne la putere dup\u0103 \u00eencheierea actualului s\u0103u mandat.<\/p>\n<p>\u201eDe\u015fi amendamentul 22 \u00eei interzice lui Trump s\u0103 fie ales din nou pre\u015fedinte, nu \u00eei interzice s\u0103 fie pre\u015fedinte dup\u0103 20 ianuarie 2029\u201d, a scris Philip Klinkner, profesor de guvernare la Hamilton College, \u00eentr-un articol recent g\u0103zduit de\u00a0The Conversation.<\/p>\n<p>\u201eMotivul pentru aceasta este c\u0103 al 22-lea amendament interzice doar ca cineva s\u0103 fie \u201eales\u201d de mai mult de dou\u0103 ori\u201d, a subliniat Klinker. \u201eNu spune nimic despre faptul c\u0103 cineva poate deveni pre\u015fedinte \u00een alt mod dec\u00e2t fiind ales \u00een aceast\u0103 func\u0163ie\u201d, a punctat profesorul.<\/p>\n<p>Klinker spune c\u0103 un scenariu ipotetic ar fi ca Trump s\u0103 candideze pentru func\u0163ia de vicepre\u015fedinte \u00een 2028, iar vicepre\u015fedintele JD Vance s\u0103 candideze \u00een fruntea listei, pentru func\u0163ia de pre\u015fedinte. \u201eDac\u0103 este ales, Vance ar putea apoi s\u0103 demisioneze, f\u0103c\u00e2ndu-l pe Trump pre\u015fedinte din nou\u201d, arat\u0103 Klinker.<\/p>\n<p>\u201eDar Vance nici nu ar trebui s\u0103 demisioneze pentru ca un vicepre\u015fedinte Trump s\u0103 poat\u0103 exercita puterea pre\u015fedin\u0163iei. Al 25-lea amendament la Constitu\u0163ie prevede c\u0103, \u00een cazul \u00een care un pre\u015fedinte declar\u0103 c\u0103 \u201eeste \u00een imposibilitatea de a-\u015fi \u00eendeplini puterile \u015fi \u00eendatoririle func\u0163iei, aceste puteri \u015fi \u00eendatoriri vor fi \u00eendeplinite de vicepre\u015fedinte \u00een calitate de pre\u015fedinte interimar\u201d, explic\u0103 Klinker.<\/p>\n<p>Un alt scenariu imaginat de Klinker este ca Trump s\u0103 \u00eencurajeze un membru al familiei s\u0103 candideze \u015fi s\u0103 c\u00e2\u015ftige Casa Alb\u0103. Odat\u0103 ales, acesta ar fi doar un pre\u015fedinte de figura\u0163ie, \u00een timp ce Trump ar lua deciziile-cheie.<\/p>\n<p>REZOLU\u0162IE PENTRU CUMP\u0102RAREA GROENLANDEI, INI\u0162IAT\u0102 DE ACELA\u015eI ANDY OGLES<\/p>\n<p>Alia\u0163ii republicani ai pre\u015fedintelui ales Donald Trump din Camera Reprezentan\u0163ilor, \u00een frunte cu acela\u015fi reprezentant Andy Ogles, \u00eencearc\u0103 s\u0103 ob\u0163in\u0103 sprijin pentru un proiect de lege privind autorizarea discu\u0163iilor pentru cump\u0103rarea Groenlandei, potrivit unei copii a proiectului de lege distribuit\u0103 s\u0103pt\u0103m\u00e2na trecut\u0103 pentru co-sponsori.<\/p>\n<p>Proiectul de lege se nume\u015fte \u201eMake Greenland Great Again Act\u201d, au declarat birourile reprezentan\u0163ilor republicani americani Andy Ogles, care conduce proiectul de lege, \u015fi Diana Harshbarger.\u00a0<\/p>\n<p>Trump dore\u015fte ca Groenlanda s\u0103 fac\u0103 parte din Statele Unite \u015fi nu exclude utilizarea puterii militare sau economice pentru a convinge Danemarca s\u0103 o cedeze.\u00a0<\/p>\n<p>Proiectul de lege, dac\u0103 va fi adoptat, \u00eei va permite pre\u015fedintelui s\u0103 intre \u00een negocieri cu Danemarca.<\/p>\n<p>\u201e\u00cen termen de cel mult 5 zile calendaristice de la \u00eencheierea unui acord cu Regatul Danemarcei referitor la achizi\u0163ionarea Groenlandei de c\u0103tre Statele Unite, pre\u015fedintele transmite comisiilor corespunz\u0103toare ale Congresului acordul, inclusiv toate materialele \u015fi anexele aferente\u201d, prevede textul rezolu\u0163iei.<\/p>\n<p>CINE ESTE ANDY OGLES? FBI I-A CONFISCAT TELEFONUL<\/p>\n<p>\u00cen august anul trecut, reprezentantul Andy Ogles anun\u0163a c\u0103 agen\u0163ii FBI i-au pus sechestru pe telefonul mobil ca parte a unei investiga\u0163ii privind declararea fondurilor sale de campanie. \u201eDe luni de zile s-a relatat pe larg c\u0103 echipa mea de campanie a f\u0103cut gre\u015feli \u00een declara\u0163iile noastre financiare ini\u0163iale\u201d, a men\u0163ionat el.<\/p>\n<p>Ogles, care reprezint\u0103 un district \u00eenvecinat cu Nashville, Tennessee, a declarat atunci c\u0103 va coopera cu for\u0163ele de ordine \u015fi cu Comisia Electoral\u0103 Federal\u0103. El nu a furnizat detalii suplimentare cu privire la anchet\u0103.<\/p>\n<p>\u00cen v\u00e2rst\u0103 de 53 de ani, Andy Ogles a c\u00e2\u015ftigat primul s\u0103u mandat \u00een Camera Reprezentan\u0163ilor \u00een alegerile din noiembrie 2022 cu un scor confortabil de 55,8% \u00een fa\u0163a adversarului democrat. A st\u00e2rnit unele controverse dup\u0103 ce a declarat c\u0103 ar fi de meserie \u201eeconomist\u201d, ceea ce nu este cazul.<\/p>\n<p>Donald Trump l-a sus\u0163inut pe Ogles, care era membru al unui grup ultraconservator din Camer\u0103, House Freedom Caucus.<\/p>\n<p>\u00cen iulie, el propusese un proiect de lege prin care solicita punerea sub acuzare a vicepre\u015fedintei democrate de atunci, Kamala Harris, acuz\u00e2nd-o de \u201eincompeten\u0163\u0103 cras\u0103\u201d \u00een gestionarea imigran\u0163ilor care trec grani\u0163a de sud a Statelor Unite cu Mexicul.\u00a0<\/p>\n<p>Ogles a adoptat pozi\u0163ii puternic conservatoare \u015fi a fost descris de mass-media ca fiind la extrema dreapt\u0103 a spectrului politic. El se opune avortului \u015fi c\u0103s\u0103toriilor \u00eentre persoane de acela\u015fi sex.<\/p>\n<p>\u00cen timpul \u00eencerc\u0103rilor de a anula alegerile preziden\u0163iale din 2020 din Statele Unite, pierdute de Donald Trump, Ogles a sus\u0163inut \u00een mod fals c\u0103 acestea au fost fraudate. El a fost unul dintre cei 19 membri ini\u0163iali ai Congresului care au votat \u00eempotriva republicanului Kevin McCarthy pentru func\u0163ia de pre\u015fedinte al Camerei Reprezentan\u0163ilor. \u00cen ianuarie 2023, McCarthy nu a reu\u015fit s\u0103 ob\u0163in\u0103 majoritatea voturilor exprimate la primul tur de scrutin, to\u0163i democra\u0163ii \u015fi cei 19 republicani opun\u00e2ndu-i-se. A fost prima dat\u0103 din 1923 c\u00e2nd primul tur de scrutin nu a produs un pre\u015fedinte al Camerei. McCarthy a ob\u0163inut \u00een cele din urm\u0103 o majoritate \u015fi a devenit pre\u015fedinte al Camerei\u00a0 dar abia la al 15-lea tur de scrutin, la 7 ianuarie, dup\u0103 ce a f\u0103cut concesii cheie unor membri ai grupului de dreapta Freedom Caucus.<\/p>","protected":false},"excerpt":{"rendered":"<p>Un membru republican al Camerei Reprezentan\u0163ilor a introdus o rezolu\u0163ie de modificare a Constitu\u0163iei SUA&hellip;<\/p>\n","protected":false},"author":0,"featured_media":26389,"comment_status":"open","ping_status":"open","sticky":false,"template":"","format":"standard","meta":{"footnotes":""},"categories":[2],"tags":[],"class_list":["post-26394","post","type-post","status-publish","format-standard","has-post-thumbnail","hentry","category-actual"],"_links":{"self":[{"href":"https:\/\/247stiri.ro\/index.php\/wp-json\/wp\/v2\/posts\/26394","targetHints":{"allow":["GET"]}}],"collection":[{"href":"https:\/\/247stiri.ro\/index.php\/wp-json\/wp\/v2\/posts"}],"about":[{"href":"https:\/\/247stiri.ro\/index.php\/wp-json\/wp\/v2\/types\/post"}],"replies":[{"embeddable":true,"href":"https:\/\/247stiri.ro\/index.php\/wp-json\/wp\/v2\/comments?post=26394"}],"version-history":[{"count":0,"href":"https:\/\/247stiri.ro\/index.php\/wp-json\/wp\/v2\/posts\/26394\/revisions"}],"wp:featuredmedia":[{"embeddable":true,"href":"https:\/\/247stiri.ro\/index.php\/wp-json\/wp\/v2\/media\/26389"}],"wp:attachment":[{"href":"https:\/\/247stiri.ro\/index.php\/wp-json\/wp\/v2\/media?parent=26394"}],"wp:term":[{"taxonomy":"category","embeddable":true,"href":"https:\/\/247stiri.ro\/index.php\/wp-json\/wp\/v2\/categories?post=26394"},{"taxonomy":"post_tag","embeddable":true,"href":"https:\/\/247stiri.ro\/index.php\/wp-json\/wp\/v2\/tags?post=26394"}],"curies":[{"name":"wp","href":"https:\/\/api.w.org\/{rel}","templated":true}]}}