{"id":26395,"date":"2025-01-24T19:49:49","date_gmt":"2025-01-24T19:49:49","guid":{"rendered":"https:\/\/247stiri.ro\/index.php\/2025\/01\/24\/un-baiat-de-13-ani-din-timis-a-disparut-de-acasa-a-intervenit-politia-de-frontiera\/"},"modified":"2025-01-24T19:49:49","modified_gmt":"2025-01-24T19:49:49","slug":"un-baiat-de-13-ani-din-timis-a-disparut-de-acasa-a-intervenit-politia-de-frontiera","status":"publish","type":"post","link":"https:\/\/247stiri.ro\/index.php\/2025\/01\/24\/un-baiat-de-13-ani-din-timis-a-disparut-de-acasa-a-intervenit-politia-de-frontiera\/","title":{"rendered":"Un b\u0103iat de 13 ani din Timi\u0219 a disp\u0103rut de acas\u0103. A intervenit Poli\u0163ia de Frontier\u0103"},"content":{"rendered":"<p>\u201dPoli\u0163i\u015ftii Serviciului de Investiga\u0163ii Criminale efectueaz\u0103 verific\u0103ri \u00een vederea depist\u0103rii unui minor de 13 ani, disp\u0103rut din satul Tomnatic, jude\u0163ul Timi\u015f.\u00a0Azi 24 ianuarie a.c., \u00een jurul orei 15:00 POPA VASILE ar fi plecat de la domiciliul s\u0103u din satul Tomnatic, iar p\u00e2n\u0103 \u00een prezent nu a mai revenit\u201d, a transmis IPJ Timi\u015f.\u00a0Copilul are \u00een\u0103l\u0163ime 1.60 m, 50 kg., p\u0103rul \u015faten, fa\u0163\u0103 oval\u0103, ochi c\u0103prui.\u00a0\u00cembr\u0103c\u0103minte: geac\u0103 gri, c\u0103ciul\u0103 gri, cizme verzi.\u00a0Pentru c\u0103utarea b\u0103iatului au fost angrenate for\u0163e at\u00e2t din cadrul Inspectoratului de Poli\u0163ie Jude\u0163ean Timi\u015f, cat \u015fi din cadrul Inspectoratului de Jandarmi Jude\u0163ean Timi\u015f, Grup\u0103rii de Jandarmi Mobile Timi\u015foara, Inspectoratului pentru Situa\u0163ii de Urgenta Banat \u015fi Inspectoratului Teritorial al Poli\u0163iei de Frontier\u0103 care a pus la dispozi\u0163ie camere cu termoviziune.\u00a0Oricine poate oferi detalii despre dispari\u0163ia b\u0103iatului este rugat sa apeleze Serviciul de Urgen\u0163\u0103 112 sau s\u0103 contacteze cea mai apropiat\u0103 unitate de poli\u0163ie.<\/p>","protected":false},"excerpt":{"rendered":"<p>\u201dPoli\u0163i\u015ftii Serviciului de Investiga\u0163ii Criminale efectueaz\u0103 verific\u0103ri \u00een vederea depist\u0103rii unui minor de 13 ani,&hellip;<\/p>\n","protected":false},"author":0,"featured_media":26396,"comment_status":"open","ping_status":"open","sticky":false,"template":"","format":"standard","meta":{"footnotes":""},"categories":[2],"tags":[],"class_list":["post-26395","post","type-post","status-publish","format-standard","has-post-thumbnail","hentry","category-actual"],"_links":{"self":[{"href":"https:\/\/247stiri.ro\/index.php\/wp-json\/wp\/v2\/posts\/26395","targetHints":{"allow":["GET"]}}],"collection":[{"href":"https:\/\/247stiri.ro\/index.php\/wp-json\/wp\/v2\/posts"}],"about":[{"href":"https:\/\/247stiri.ro\/index.php\/wp-json\/wp\/v2\/types\/post"}],"replies":[{"embeddable":true,"href":"https:\/\/247stiri.ro\/index.php\/wp-json\/wp\/v2\/comments?post=26395"}],"version-history":[{"count":0,"href":"https:\/\/247stiri.ro\/index.php\/wp-json\/wp\/v2\/posts\/26395\/revisions"}],"wp:featuredmedia":[{"embeddable":true,"href":"https:\/\/247stiri.ro\/index.php\/wp-json\/wp\/v2\/media\/26396"}],"wp:attachment":[{"href":"https:\/\/247stiri.ro\/index.php\/wp-json\/wp\/v2\/media?parent=26395"}],"wp:term":[{"taxonomy":"category","embeddable":true,"href":"https:\/\/247stiri.ro\/index.php\/wp-json\/wp\/v2\/categories?post=26395"},{"taxonomy":"post_tag","embeddable":true,"href":"https:\/\/247stiri.ro\/index.php\/wp-json\/wp\/v2\/tags?post=26395"}],"curies":[{"name":"wp","href":"https:\/\/api.w.org\/{rel}","templated":true}]}}