{"id":26407,"date":"2025-01-24T20:45:15","date_gmt":"2025-01-24T20:45:15","guid":{"rendered":"https:\/\/247stiri.ro\/index.php\/2025\/01\/24\/crin-antonescu-doreste-sustinerea-lui-klaus-iohannis-pentru-prezidentiale-sper-sa-am-si-votul-domniei-sale-ca-al-oricarui-cetatean-roman\/"},"modified":"2025-01-24T20:45:15","modified_gmt":"2025-01-24T20:45:15","slug":"crin-antonescu-doreste-sustinerea-lui-klaus-iohannis-pentru-prezidentiale-sper-sa-am-si-votul-domniei-sale-ca-al-oricarui-cetatean-roman","status":"publish","type":"post","link":"https:\/\/247stiri.ro\/index.php\/2025\/01\/24\/crin-antonescu-doreste-sustinerea-lui-klaus-iohannis-pentru-prezidentiale-sper-sa-am-si-votul-domniei-sale-ca-al-oricarui-cetatean-roman\/","title":{"rendered":"Crin Antonescu dore\u0219te sus\u021binerea lui Klaus Iohannis pentru preziden\u021biale: \u201eSper s\u0103 am \u015fi votul domniei sale, ca al oric\u0103rui cet\u0103\u0163ean rom\u00e2n\u201d"},"content":{"rendered":"<p>Crin Antonescu a declarat, vineri, c\u0103 s-a \u00eent\u00e2lnit ultima dat\u0103 cu pre\u015fedintele Klaus Iohannis \u00een 2014.<\/p>\n<p>\u00centrebat dac\u0103 de la anun\u0163ul candidaturii nu a discutat cu \u015feful statului nici m\u0103car telefonic, Antonescu a afirmat: \u201dCel pu\u0163in deocamdat\u0103, nu\u201d.<\/p>\n<p>Candidatul coali\u0163iei la alegerile preziden\u0163iale a precizat c\u0103 \u201d\u00een niciun caz\u201d nu se bazeaz\u0103 pe o sus\u0163inere din partea lui Klaus Iohannis.<\/p>\n<p>\u201dCred c\u0103 pre\u015fedintele are chiar altceva de f\u0103cut pe acest final de mandat, dec\u00e2t s\u0103 sus\u0163in\u0103 un candidat sau altul. Sigur, sper s\u0103 am \u015fi votul domniei sale, ca al oric\u0103rui cet\u0103\u0163ean rom\u00e2n, dar nu am niciun fel de indiciu, sau de dorin\u0163\u0103, sau de \u00een\u0163elegere \u00een sensul acesta. Absolut deloc\u201d, a mai declarat Crin Antonescu.<\/p>","protected":false},"excerpt":{"rendered":"<p>Crin Antonescu a declarat, vineri, c\u0103 s-a \u00eent\u00e2lnit ultima dat\u0103 cu pre\u015fedintele Klaus Iohannis \u00een&hellip;<\/p>\n","protected":false},"author":0,"featured_media":26408,"comment_status":"open","ping_status":"open","sticky":false,"template":"","format":"standard","meta":{"footnotes":""},"categories":[2],"tags":[],"class_list":["post-26407","post","type-post","status-publish","format-standard","has-post-thumbnail","hentry","category-actual"],"_links":{"self":[{"href":"https:\/\/247stiri.ro\/index.php\/wp-json\/wp\/v2\/posts\/26407","targetHints":{"allow":["GET"]}}],"collection":[{"href":"https:\/\/247stiri.ro\/index.php\/wp-json\/wp\/v2\/posts"}],"about":[{"href":"https:\/\/247stiri.ro\/index.php\/wp-json\/wp\/v2\/types\/post"}],"replies":[{"embeddable":true,"href":"https:\/\/247stiri.ro\/index.php\/wp-json\/wp\/v2\/comments?post=26407"}],"version-history":[{"count":0,"href":"https:\/\/247stiri.ro\/index.php\/wp-json\/wp\/v2\/posts\/26407\/revisions"}],"wp:featuredmedia":[{"embeddable":true,"href":"https:\/\/247stiri.ro\/index.php\/wp-json\/wp\/v2\/media\/26408"}],"wp:attachment":[{"href":"https:\/\/247stiri.ro\/index.php\/wp-json\/wp\/v2\/media?parent=26407"}],"wp:term":[{"taxonomy":"category","embeddable":true,"href":"https:\/\/247stiri.ro\/index.php\/wp-json\/wp\/v2\/categories?post=26407"},{"taxonomy":"post_tag","embeddable":true,"href":"https:\/\/247stiri.ro\/index.php\/wp-json\/wp\/v2\/tags?post=26407"}],"curies":[{"name":"wp","href":"https:\/\/api.w.org\/{rel}","templated":true}]}}