{"id":26411,"date":"2025-01-24T21:56:17","date_gmt":"2025-01-24T21:56:17","guid":{"rendered":"https:\/\/247stiri.ro\/index.php\/2025\/01\/24\/un-barbat-din-prahova-dat-disparut-a-fost-gasit-mort-in-apropiere-de-albia-unui-parau-politistii-au-demarat-o-ancheta\/"},"modified":"2025-01-24T21:56:17","modified_gmt":"2025-01-24T21:56:17","slug":"un-barbat-din-prahova-dat-disparut-a-fost-gasit-mort-in-apropiere-de-albia-unui-parau-politistii-au-demarat-o-ancheta","status":"publish","type":"post","link":"https:\/\/247stiri.ro\/index.php\/2025\/01\/24\/un-barbat-din-prahova-dat-disparut-a-fost-gasit-mort-in-apropiere-de-albia-unui-parau-politistii-au-demarat-o-ancheta\/","title":{"rendered":"Un b\u0103rbat din Prahova dat disp\u0103rut a fost g\u0103sit mort \u00een apropiere de albia unui p\u00e2r\u00e2u. Poli\u021bi\u0219tii au demarat o anchet\u0103"},"content":{"rendered":"<p>\u201dLa data de 23 ianuarie a.c., poli\u0163i\u015ftii Sec\u0163iei de Poli\u0163ie Rural\u0103 Apostolache au fost sesiza\u0163i de c\u0103tre o femeie despre faptul c\u0103 so\u0163ul acesteia, RADU AUREL, de 67 de ani, a plecat \u00een mod voluntar din comuna Apostolache \u015fi nu a mai revenit p\u00e2n\u0103 \u00een prezent\u201d, anun\u0163a, joi, Poli\u0163ia jude\u0163ean\u0103 Prahova.<\/p>\n<p>Vineri sear\u0103, sursa citat\u0103 a precizat c\u0103 b\u0103rbatul a fost g\u0103sit decedat, \u00een proximitatea albiei r\u00e2ului Cricovul-S\u0103rat, comuna Apostolache.<\/p>\n<p>\u201dCu ocazia cercet\u0103rilor efectuate nu au fost descoperite probe, m\u0103rci traumatice ori leziuni de violen\u0163\u0103 care s\u0103 indice o posibil\u0103 cauz\u0103 de agresiune de natur\u0103 s\u0103 \u00eei fi provocat decesul. \u00cen cauz\u0103 a fost \u00eentocmit dosar penal sub aspectul s\u0103v\u00e2r\u015firii infrac\u0163iunii de ucidere din culp\u0103 \u015fi s-a dispus efectuarea necropsiei pentru stabilirea cauzei decesului\u201d, a mai transmis sursa citat\u0103.<\/p>","protected":false},"excerpt":{"rendered":"<p>\u201dLa data de 23 ianuarie a.c., poli\u0163i\u015ftii Sec\u0163iei de Poli\u0163ie Rural\u0103 Apostolache au fost sesiza\u0163i&hellip;<\/p>\n","protected":false},"author":0,"featured_media":26412,"comment_status":"open","ping_status":"open","sticky":false,"template":"","format":"standard","meta":{"footnotes":""},"categories":[2],"tags":[],"class_list":["post-26411","post","type-post","status-publish","format-standard","has-post-thumbnail","hentry","category-actual"],"_links":{"self":[{"href":"https:\/\/247stiri.ro\/index.php\/wp-json\/wp\/v2\/posts\/26411","targetHints":{"allow":["GET"]}}],"collection":[{"href":"https:\/\/247stiri.ro\/index.php\/wp-json\/wp\/v2\/posts"}],"about":[{"href":"https:\/\/247stiri.ro\/index.php\/wp-json\/wp\/v2\/types\/post"}],"replies":[{"embeddable":true,"href":"https:\/\/247stiri.ro\/index.php\/wp-json\/wp\/v2\/comments?post=26411"}],"version-history":[{"count":0,"href":"https:\/\/247stiri.ro\/index.php\/wp-json\/wp\/v2\/posts\/26411\/revisions"}],"wp:featuredmedia":[{"embeddable":true,"href":"https:\/\/247stiri.ro\/index.php\/wp-json\/wp\/v2\/media\/26412"}],"wp:attachment":[{"href":"https:\/\/247stiri.ro\/index.php\/wp-json\/wp\/v2\/media?parent=26411"}],"wp:term":[{"taxonomy":"category","embeddable":true,"href":"https:\/\/247stiri.ro\/index.php\/wp-json\/wp\/v2\/categories?post=26411"},{"taxonomy":"post_tag","embeddable":true,"href":"https:\/\/247stiri.ro\/index.php\/wp-json\/wp\/v2\/tags?post=26411"}],"curies":[{"name":"wp","href":"https:\/\/api.w.org\/{rel}","templated":true}]}}