{"id":26413,"date":"2025-01-24T21:56:18","date_gmt":"2025-01-24T21:56:18","guid":{"rendered":"https:\/\/247stiri.ro\/index.php\/2025\/01\/24\/pieton-lovit-de-o-ambulanta-care-transporta-un-pacient-in-stare-grava\/"},"modified":"2025-01-24T21:56:18","modified_gmt":"2025-01-24T21:56:18","slug":"pieton-lovit-de-o-ambulanta-care-transporta-un-pacient-in-stare-grava","status":"publish","type":"post","link":"https:\/\/247stiri.ro\/index.php\/2025\/01\/24\/pieton-lovit-de-o-ambulanta-care-transporta-un-pacient-in-stare-grava\/","title":{"rendered":"Pieton lovit de o ambulan\u021b\u0103 care transporta un pacient \u00een stare grav\u0103"},"content":{"rendered":"<p>Ambulan\u0163a avea un pacient \u00een stare grav\u0103 pe care \u00eel transporta la unitatea medical\u0103.<\/p>\n<p>Reprezentan\u0163ii Inspectoratului de Poli\u0163ie al Jude\u0163ului Constan\u0163a au anun\u0163at c\u0103, vineri, \u00een jurul orei 21.25, poli\u0163i\u015ftii au fost sesiza\u0163i cu privire la faptul c\u0103 pe bulevardul Alexandru L\u0103pu\u015fneanu din municipiul Constan\u0163a a avut loc un accident rutier.\u00a0\u00a0\u201dPoli\u0163i\u015ftii deplasa\u0163i la fa\u0163a locului au constatat c\u0103 o ambulan\u0163\u0103 ar fi accidentat un pieton, respectiv un b\u0103rbat. Din primele cercet\u0103ri efectuate rezult\u0103 c\u0103 acesta ar fi traversat strada prin loc nepermis. Tot din primele verific\u0103ri efectuate a rezultat c\u0103 ambulan\u0163a s-ar fi aflat \u00een misiune, cu semnalele acustice \u015fi luminoase \u00een func\u0163iune, transport\u00e2nd un pacient c\u0103tre o unitate medical\u0103\u201d, au afirmat poli\u0163i\u015ftii.\u00a0\u00a0\u00cen urma accidentului rutier, pietonul a fost r\u0103nit u\u015for.\u00a0\u015eoferul a fost testat cu aparatul etilotest, rezultatul fiind negativ.\u00a0\u00a0Purt\u0103torul de cuv\u00e2nt al SAJ Constan\u0163a, Claudia Tatarici, a explicat cum s-a produs acest eveniment rutier.\u00a0\u00a0\u201dO ambulan\u0163\u0103 SAJ, care se afla \u00eentr-o misiune de cod ro\u015fu, av\u00e2nd un pacient \u00een stare critic\u0103 \u015fi se deplasa c\u0103tre spitalul Jude\u0163ean a acro\u015fat un pieton, pieton con\u015ftient, cu traumatism cranian. Pacientul din ambulan\u0163\u0103 a fost preluat de echipajul SMURD cu medic \u015fi transportat la spital. Iar pietonul acro\u015fat, cu traumatism cranian, con\u015ftient, a fost preluat de o alt\u0103 ambulan\u0163\u0103 SAJ \u015fi transportat tot la Spitalul Jude\u0163ean. Ambulan\u0163a SAJ, afl\u00e2ndu-se \u00een misiune, avea semnalele sonore \u015fi luminoase pornite\u201d, a declarat Claudia Tatarici.<\/p>","protected":false},"excerpt":{"rendered":"<p>Ambulan\u0163a avea un pacient \u00een stare grav\u0103 pe care \u00eel transporta la unitatea medical\u0103. Reprezentan\u0163ii&hellip;<\/p>\n","protected":false},"author":0,"featured_media":26414,"comment_status":"open","ping_status":"open","sticky":false,"template":"","format":"standard","meta":{"footnotes":""},"categories":[2],"tags":[],"class_list":["post-26413","post","type-post","status-publish","format-standard","has-post-thumbnail","hentry","category-actual"],"_links":{"self":[{"href":"https:\/\/247stiri.ro\/index.php\/wp-json\/wp\/v2\/posts\/26413","targetHints":{"allow":["GET"]}}],"collection":[{"href":"https:\/\/247stiri.ro\/index.php\/wp-json\/wp\/v2\/posts"}],"about":[{"href":"https:\/\/247stiri.ro\/index.php\/wp-json\/wp\/v2\/types\/post"}],"replies":[{"embeddable":true,"href":"https:\/\/247stiri.ro\/index.php\/wp-json\/wp\/v2\/comments?post=26413"}],"version-history":[{"count":0,"href":"https:\/\/247stiri.ro\/index.php\/wp-json\/wp\/v2\/posts\/26413\/revisions"}],"wp:featuredmedia":[{"embeddable":true,"href":"https:\/\/247stiri.ro\/index.php\/wp-json\/wp\/v2\/media\/26414"}],"wp:attachment":[{"href":"https:\/\/247stiri.ro\/index.php\/wp-json\/wp\/v2\/media?parent=26413"}],"wp:term":[{"taxonomy":"category","embeddable":true,"href":"https:\/\/247stiri.ro\/index.php\/wp-json\/wp\/v2\/categories?post=26413"},{"taxonomy":"post_tag","embeddable":true,"href":"https:\/\/247stiri.ro\/index.php\/wp-json\/wp\/v2\/tags?post=26413"}],"curies":[{"name":"wp","href":"https:\/\/api.w.org\/{rel}","templated":true}]}}