{"id":26431,"date":"2025-01-25T05:48:51","date_gmt":"2025-01-25T05:48:51","guid":{"rendered":"https:\/\/247stiri.ro\/index.php\/2025\/01\/25\/tupeu-incredibil-cum-incearca-victor-ponta-sa-se-catere-pe-valul-suveranist-initiat-de-presedintele-ales-calin-georgescu-video\/"},"modified":"2025-01-25T05:48:51","modified_gmt":"2025-01-25T05:48:51","slug":"tupeu-incredibil-cum-incearca-victor-ponta-sa-se-catere-pe-valul-suveranist-initiat-de-presedintele-ales-calin-georgescu-video","status":"publish","type":"post","link":"https:\/\/247stiri.ro\/index.php\/2025\/01\/25\/tupeu-incredibil-cum-incearca-victor-ponta-sa-se-catere-pe-valul-suveranist-initiat-de-presedintele-ales-calin-georgescu-video\/","title":{"rendered":"Tupeu incredibil! Cum \u00eencearc\u0103 Victor Ponta s\u0103 se ca\u021bere pe valul suveranist ini\u021biat de pre\u0219edintele ales, C\u0103lin Georgescu VIDEO"},"content":{"rendered":"<p>Victor Ponta a postat imaginile pe pagina de socializare unde a precizat c\u0103 \u00eencearc\u0103 s\u0103 ajung\u0103 \u0219i la evenimentul din Parcul Tineretului, acolo unde au fost Calin Georgescu si sotia sa. Si nu este prima dat\u0103 c\u00e2nd Victor Ponta \u00eesi asociaz\u0103 imaginea cu cea a lui Calin Georgescu.\u00a0<\/p>\n<p>Pe pagina sa de facebook au ap\u0103rut \u00eens\u0103 \u0219i sute de mesaje cu critici la adresa lui dup\u0103 ce s-a prins \u00een hor\u0103 cu rom\u00e2nii.<\/p>\n<p>\u201ePatrio\u021bii vie\u021bii!!! fi\u021bi oameni s\u0103n\u0103to\u0219i la cap \u0219i nu veni\u021bi voi fo\u0219ti relicve ca sunte\u021bi Mesia \u0219i salva\u021bi \u021bara!\u201d, este unul dintre mesajele primite de Ponta la postare.\u201d\u00cen parcul Tineretului s\u0103 nu te \u00eenjure oamenii\u201d, i-a mai transmis un rom\u00e2n.Nu este prima dat\u0103 c\u00e2nd Victor Ponta se ca\u021b\u0103r\u0103 pe succesul lui C\u0103lin Georgescu, pentru imagine.<\/p>\n<p>Ponta las\u0103 de \u00een\u021beles \u00eens\u0103 c\u0103 se consider\u0103 cel mai bun candidat care ar putea intra \u00een cursa pentru fotoliul de la Cotroceni.Sfidarea lui nu se opre\u0219te \u00eens\u0103 aici, c\u0103ci Ponta a ajuns chiar s\u0103 copieze ideile din discursurile lui C\u0103lin Georgescu.<\/p>\n<p>Despre Rom\u00e2nia, fostul premier a declarat c\u0103 trebuie s\u0103 fie un partener al Statelor Unite \u0219i c\u0103 nu trebuie s\u0103 st\u0103m \u201ecu c\u0103ciula \u00een m\u00e2n\u0103\u201d.<\/p>\n<p>Ideea este aceea\u0219i cu cea promovat\u0103 de C\u0103lin Georgescu atunci c\u00e2nd vorbe\u0219te despre rela\u021biile externe ale \u021b\u0103rii noastre.\u00a0<\/p>\n<p>\u00a0<\/p>","protected":false},"excerpt":{"rendered":"<p>Victor Ponta a postat imaginile pe pagina de socializare unde a precizat c\u0103 \u00eencearc\u0103 s\u0103&hellip;<\/p>\n","protected":false},"author":0,"featured_media":26421,"comment_status":"open","ping_status":"open","sticky":false,"template":"","format":"standard","meta":{"footnotes":""},"categories":[2],"tags":[],"class_list":["post-26431","post","type-post","status-publish","format-standard","has-post-thumbnail","hentry","category-actual"],"_links":{"self":[{"href":"https:\/\/247stiri.ro\/index.php\/wp-json\/wp\/v2\/posts\/26431","targetHints":{"allow":["GET"]}}],"collection":[{"href":"https:\/\/247stiri.ro\/index.php\/wp-json\/wp\/v2\/posts"}],"about":[{"href":"https:\/\/247stiri.ro\/index.php\/wp-json\/wp\/v2\/types\/post"}],"replies":[{"embeddable":true,"href":"https:\/\/247stiri.ro\/index.php\/wp-json\/wp\/v2\/comments?post=26431"}],"version-history":[{"count":0,"href":"https:\/\/247stiri.ro\/index.php\/wp-json\/wp\/v2\/posts\/26431\/revisions"}],"wp:featuredmedia":[{"embeddable":true,"href":"https:\/\/247stiri.ro\/index.php\/wp-json\/wp\/v2\/media\/26421"}],"wp:attachment":[{"href":"https:\/\/247stiri.ro\/index.php\/wp-json\/wp\/v2\/media?parent=26431"}],"wp:term":[{"taxonomy":"category","embeddable":true,"href":"https:\/\/247stiri.ro\/index.php\/wp-json\/wp\/v2\/categories?post=26431"},{"taxonomy":"post_tag","embeddable":true,"href":"https:\/\/247stiri.ro\/index.php\/wp-json\/wp\/v2\/tags?post=26431"}],"curies":[{"name":"wp","href":"https:\/\/api.w.org\/{rel}","templated":true}]}}