{"id":26435,"date":"2025-01-25T05:48:51","date_gmt":"2025-01-25T05:48:51","guid":{"rendered":"https:\/\/247stiri.ro\/index.php\/2025\/01\/25\/ion-cristoiu-atac-devastator-la-presedintele-ilegitim-iohannis-s-a-temut-sa-joace-hora-in-strada-cu-poporul\/"},"modified":"2025-01-25T05:48:51","modified_gmt":"2025-01-25T05:48:51","slug":"ion-cristoiu-atac-devastator-la-presedintele-ilegitim-iohannis-s-a-temut-sa-joace-hora-in-strada-cu-poporul","status":"publish","type":"post","link":"https:\/\/247stiri.ro\/index.php\/2025\/01\/25\/ion-cristoiu-atac-devastator-la-presedintele-ilegitim-iohannis-s-a-temut-sa-joace-hora-in-strada-cu-poporul\/","title":{"rendered":"Ion Cristoiu, atac devastator la pre\u0219edintele ILEGITIM: \u201eIohannis s-a temut s\u0103 joace hora \u00een strad\u0103 cu poporul!\u201d"},"content":{"rendered":"<p>Este opinia maestrului Ion Cristoiu, care este de p\u0103rere c\u0103 liderii actuali au o problem\u0103 cu \u201esimpatia popular\u0103\u201d \u0219i nu mai pot lua decizii cu u\u0219urin\u021b\u0103.\u00a0<\/p>\n<p>\u201eSpre deosebire de anii anteriori, anul acesta de Ziua Unirii nici premierul \u0219i nici pre\u0219edintele nu au ie\u0219it din palate pentru a s\u0103rb\u0103tori \u00eempreun\u0103 cu poporul cu \u201ep mare\u201d ziua Unirii. Am \u00een\u021beles c\u0103 s-a dus domnul Bolojan la Foc\u0219ani \u0219i l-au huiduit.Nu e bine deloc c\u0103 se tem. P\u0103i dac\u0103 tu te temi acuma, \u00eenseamn\u0103 c\u0103 tu ai o problem\u0103 cu simpatia popular\u0103, cu capitalul politic. Cum dracu s\u0103 iei m\u0103suri, cum s\u0103 iei decizii pentru c\u0103 ele nu mai sunt \u00eent\u00e2mpinate cu simpatie deoarece, sunte\u021bi de acord, nu te mai simpatizeaz\u0103 \u0103\u0219tia. De asta este grav\u0103 semnifica\u021bia\u201d, conchide cunoscutul jurnalist.<\/p>\n<p><a title=\"@ioncristoiu\" href=\"https:\/\/www.tiktok.com\/@ioncristoiu?refer=embed\" target=\"_blank\">@ioncristoiu<\/a> <a title=\"g\u00eendurileluicristoiu\" href=\"https:\/\/www.tiktok.com\/tag\/g%C3%AEndurileluicristoiu?refer=embed\" target=\"_blank\">#g\u00eendurileluicristoiu<\/a> <a title=\"\u266c sunet original - ioncristoiu\" href=\"https:\/\/www.tiktok.com\/music\/sunet-original-7463443925926513430?refer=embed\" target=\"_blank\">\u266c sunet original &#8211; ioncristoiu<\/a><\/p>","protected":false},"excerpt":{"rendered":"<p>Este opinia maestrului Ion Cristoiu, care este de p\u0103rere c\u0103 liderii actuali au o problem\u0103&hellip;<\/p>\n","protected":false},"author":0,"featured_media":26425,"comment_status":"open","ping_status":"open","sticky":false,"template":"","format":"standard","meta":{"footnotes":""},"categories":[2],"tags":[],"class_list":["post-26435","post","type-post","status-publish","format-standard","has-post-thumbnail","hentry","category-actual"],"_links":{"self":[{"href":"https:\/\/247stiri.ro\/index.php\/wp-json\/wp\/v2\/posts\/26435","targetHints":{"allow":["GET"]}}],"collection":[{"href":"https:\/\/247stiri.ro\/index.php\/wp-json\/wp\/v2\/posts"}],"about":[{"href":"https:\/\/247stiri.ro\/index.php\/wp-json\/wp\/v2\/types\/post"}],"replies":[{"embeddable":true,"href":"https:\/\/247stiri.ro\/index.php\/wp-json\/wp\/v2\/comments?post=26435"}],"version-history":[{"count":0,"href":"https:\/\/247stiri.ro\/index.php\/wp-json\/wp\/v2\/posts\/26435\/revisions"}],"wp:featuredmedia":[{"embeddable":true,"href":"https:\/\/247stiri.ro\/index.php\/wp-json\/wp\/v2\/media\/26425"}],"wp:attachment":[{"href":"https:\/\/247stiri.ro\/index.php\/wp-json\/wp\/v2\/media?parent=26435"}],"wp:term":[{"taxonomy":"category","embeddable":true,"href":"https:\/\/247stiri.ro\/index.php\/wp-json\/wp\/v2\/categories?post=26435"},{"taxonomy":"post_tag","embeddable":true,"href":"https:\/\/247stiri.ro\/index.php\/wp-json\/wp\/v2\/tags?post=26435"}],"curies":[{"name":"wp","href":"https:\/\/api.w.org\/{rel}","templated":true}]}}