{"id":26437,"date":"2025-01-25T05:48:52","date_gmt":"2025-01-25T05:48:52","guid":{"rendered":"https:\/\/247stiri.ro\/index.php\/2025\/01\/25\/calin-georgescu-presedintele-ales-de-ziua-unirii-principatelor-e-momentul-sa-nu-mai-dansam-dupa-cum-spun-altii-video\/"},"modified":"2025-01-25T05:48:52","modified_gmt":"2025-01-25T05:48:52","slug":"calin-georgescu-presedintele-ales-de-ziua-unirii-principatelor-e-momentul-sa-nu-mai-dansam-dupa-cum-spun-altii-video","status":"publish","type":"post","link":"https:\/\/247stiri.ro\/index.php\/2025\/01\/25\/calin-georgescu-presedintele-ales-de-ziua-unirii-principatelor-e-momentul-sa-nu-mai-dansam-dupa-cum-spun-altii-video\/","title":{"rendered":"C\u0103lin Georgescu, pre\u0219edintele ales, de Ziua Unirii Principatelor: \u201eE momentul s\u0103 nu mai dans\u0103m dup\u0103 cum spun al\u021bii!\u201d VIDEO"},"content":{"rendered":"","protected":false},"excerpt":{"rendered":"","protected":false},"author":0,"featured_media":26429,"comment_status":"open","ping_status":"open","sticky":false,"template":"","format":"standard","meta":{"footnotes":""},"categories":[2],"tags":[],"class_list":["post-26437","post","type-post","status-publish","format-standard","has-post-thumbnail","hentry","category-actual"],"_links":{"self":[{"href":"https:\/\/247stiri.ro\/index.php\/wp-json\/wp\/v2\/posts\/26437","targetHints":{"allow":["GET"]}}],"collection":[{"href":"https:\/\/247stiri.ro\/index.php\/wp-json\/wp\/v2\/posts"}],"about":[{"href":"https:\/\/247stiri.ro\/index.php\/wp-json\/wp\/v2\/types\/post"}],"replies":[{"embeddable":true,"href":"https:\/\/247stiri.ro\/index.php\/wp-json\/wp\/v2\/comments?post=26437"}],"version-history":[{"count":0,"href":"https:\/\/247stiri.ro\/index.php\/wp-json\/wp\/v2\/posts\/26437\/revisions"}],"wp:featuredmedia":[{"embeddable":true,"href":"https:\/\/247stiri.ro\/index.php\/wp-json\/wp\/v2\/media\/26429"}],"wp:attachment":[{"href":"https:\/\/247stiri.ro\/index.php\/wp-json\/wp\/v2\/media?parent=26437"}],"wp:term":[{"taxonomy":"category","embeddable":true,"href":"https:\/\/247stiri.ro\/index.php\/wp-json\/wp\/v2\/categories?post=26437"},{"taxonomy":"post_tag","embeddable":true,"href":"https:\/\/247stiri.ro\/index.php\/wp-json\/wp\/v2\/tags?post=26437"}],"curies":[{"name":"wp","href":"https:\/\/api.w.org\/{rel}","templated":true}]}}