{"id":26445,"date":"2025-01-25T06:54:14","date_gmt":"2025-01-25T06:54:14","guid":{"rendered":"https:\/\/247stiri.ro\/index.php\/2025\/01\/25\/prognoza-meteo-25-ianuarie-2025-vreme-de-primavara-unde-va-fi-cel-mai-cald-in-tara\/"},"modified":"2025-01-25T06:54:14","modified_gmt":"2025-01-25T06:54:14","slug":"prognoza-meteo-25-ianuarie-2025-vreme-de-primavara-unde-va-fi-cel-mai-cald-in-tara","status":"publish","type":"post","link":"https:\/\/247stiri.ro\/index.php\/2025\/01\/25\/prognoza-meteo-25-ianuarie-2025-vreme-de-primavara-unde-va-fi-cel-mai-cald-in-tara\/","title":{"rendered":"Prognoza METEO, 25 ianuarie 2025. Vreme de prim\u0103var\u0103 &#8211; Unde va fi cel mai cald \u00een \u021bar\u0103"},"content":{"rendered":"<p>Diminea\u0163a, \u00een zonele joase \u00eendeosebi din vest, centru \u015fi est local va fi cea\u0163\u00e3 (izolat persistent\u00e3) posibil asociat\u00e3 cu burni\u0163\u00e3.<\/p>\n<p>V\u00e2ntul va sufl\u0103 slab \u015fi moderat, cu u\u015foare intensific\u00e3ri \u00een sud-estul teritoriului.<\/p>\n<p>Temperaturile maxime se vor \u00eencadra \u00eentre 4 \u015fi 13 grade, mai cobor\u00e2te \u00een zonele cu cea\u0163\u0103 persistent\u0103<\/p>\n<p>\u00cen Capital\u0103, Vremea va fi mai cald\u00e3 dec\u00e2t \u00een mod obi\u015fnuit pentru ultima decad\u00e3 a lunii ianuarie. Cerul va deveni variabil, \u00eens\u00e3 diminea\u0163a probabilitatea de cea\u0163\u00e3 va fi ridicat\u00e3. V\u00e2ntul va sufl\u0103 slab p\u00e2n\u00e3 la moderat. Temperatura maxim\u00e3 se va situa \u00een jurul valorii de 10 grade.<\/p>\n<p>La munte, Valorile termice vor fi \u00een cre\u015ftere fa\u0163\u00e3 de cele din intervalul precedent, astfel c\u00e3 vremea va fi mai cald\u00e3 dec\u00e2t \u00een mod obi\u015fnuit pentru aceast\u00e3 perioad\u00e3. Cerul va fi variabil, iar v\u00e2ntul va sufl\u0103 slab \u015fi moderat, cu u\u015foare intensific\u00e3ri \u00een masivele sud-estice.\u00a0\u00a0<\/p>","protected":false},"excerpt":{"rendered":"<p>Diminea\u0163a, \u00een zonele joase \u00eendeosebi din vest, centru \u015fi est local va fi cea\u0163\u00e3 (izolat&hellip;<\/p>\n","protected":false},"author":0,"featured_media":26446,"comment_status":"open","ping_status":"open","sticky":false,"template":"","format":"standard","meta":{"footnotes":""},"categories":[2],"tags":[],"class_list":["post-26445","post","type-post","status-publish","format-standard","has-post-thumbnail","hentry","category-actual"],"_links":{"self":[{"href":"https:\/\/247stiri.ro\/index.php\/wp-json\/wp\/v2\/posts\/26445","targetHints":{"allow":["GET"]}}],"collection":[{"href":"https:\/\/247stiri.ro\/index.php\/wp-json\/wp\/v2\/posts"}],"about":[{"href":"https:\/\/247stiri.ro\/index.php\/wp-json\/wp\/v2\/types\/post"}],"replies":[{"embeddable":true,"href":"https:\/\/247stiri.ro\/index.php\/wp-json\/wp\/v2\/comments?post=26445"}],"version-history":[{"count":0,"href":"https:\/\/247stiri.ro\/index.php\/wp-json\/wp\/v2\/posts\/26445\/revisions"}],"wp:featuredmedia":[{"embeddable":true,"href":"https:\/\/247stiri.ro\/index.php\/wp-json\/wp\/v2\/media\/26446"}],"wp:attachment":[{"href":"https:\/\/247stiri.ro\/index.php\/wp-json\/wp\/v2\/media?parent=26445"}],"wp:term":[{"taxonomy":"category","embeddable":true,"href":"https:\/\/247stiri.ro\/index.php\/wp-json\/wp\/v2\/categories?post=26445"},{"taxonomy":"post_tag","embeddable":true,"href":"https:\/\/247stiri.ro\/index.php\/wp-json\/wp\/v2\/tags?post=26445"}],"curies":[{"name":"wp","href":"https:\/\/api.w.org\/{rel}","templated":true}]}}