{"id":26448,"date":"2025-01-25T07:57:30","date_gmt":"2025-01-25T07:57:30","guid":{"rendered":"https:\/\/247stiri.ro\/index.php\/2025\/01\/25\/tanczos-barna-avem-nevoie-de-un-buget-cumpatat-si-un-stat-mai-suplu-ce-masuri-propune-ministrul-finantelor\/"},"modified":"2025-01-25T07:57:30","modified_gmt":"2025-01-25T07:57:30","slug":"tanczos-barna-avem-nevoie-de-un-buget-cumpatat-si-un-stat-mai-suplu-ce-masuri-propune-ministrul-finantelor","status":"publish","type":"post","link":"https:\/\/247stiri.ro\/index.php\/2025\/01\/25\/tanczos-barna-avem-nevoie-de-un-buget-cumpatat-si-un-stat-mai-suplu-ce-masuri-propune-ministrul-finantelor\/","title":{"rendered":"Tanczos Barna: \u201eAvem nevoie de un buget cump\u0103tat \u0219i un stat mai suplu\u201d. Ce m\u0103suri propune ministrul Finan\u021belor"},"content":{"rendered":"<p>\u201cSchimbarea perspectivei, din stabil \u00een negativ, reprezint\u0103 un semnal c\u00e2t se poate de clar transmis de agen\u021bia de rating S&amp;P: avem nevoie de m\u0103suri de reducere a deficitului bugetar, un buget cump\u0103tat, un stat mai suplu, pentru a putea restabili echilibrul bugetar \u0219i \u00eent\u0103ri credibilitea fiscal\u0103 a \u021b\u0103rii.<\/p>\n<p>Prin evaluarea anun\u021bat\u0103 \u00een aceast\u0103 sear\u0103, S&amp;P nu modific\u0103 ratingul de \u021bar\u0103. Rom\u00e2nia este \u00een continuare recomandat\u0103 investitorilor, c\u0103 fiind sigur\u0103.<\/p>\n<p>Deciziile asumate de Guvern pentru reducerea deficitului bugetar \u0219i consolidarea cre\u0219terii economice trebuie implementate \u00een ritm alert, \u00een form\u0103 deja convenit\u0103 cu partenerii no\u0219tri europeni\u201d, a scris ministrul, vineri sear\u0103, pe pagin\u0103 s\u0103 de Facebook.<\/p>\n<p>El a subliniat c\u0103 bugetul pentru anul 2025, care va fi prezentat Guvernului \u0219i trimis spre aprobare Parlamentului \u00een zilele urm\u0103toare, \u00eent\u0103re\u0219te \u201caceast\u0103 viziune cump\u0103tat\u0103\u201d a gestion\u0103rii banului public.<\/p>\n<p>\u00a0<\/p>\n<p>Totodat\u0103, a ad\u0103ugat el, m\u0103surile necesare reducerii deficitului trebuie s\u0103 fie \u00een\u021belese \u0219i respectate de conduc\u0103torii tuturor institu\u021biilor publice, de toate companiile de stat \u0219i de liderii de sindicate, de fiecare primar \u0219i pre\u0219edinte de CJ, de fiecare consilier local \u0219i jude\u021bean.<\/p>\n<p>\u201cNici m\u0103surile de reducere a cheltuielilor, nici reformele de eliminare a deficien\u021belor structurale din economie nu pot fi \u00eent\u00e2rziate, pentru c\u0103 fiecare zi \u00een care aplic\u0103m aceste m\u0103suri ne aduce mai aproape de \u021bint\u0103 de deficit asumat\u0103.<\/p>\n<p>ANAF \u0219i Autoritatea Rom\u00e2n\u0103 a V\u0103mii au pornit pe drumul digitalizarii \u0219i a cre\u0219terii capacit\u0103\u021bii institu\u021bionale, au deci datoria s\u0103 creasc\u0103 gradul de colectare a impozitelor \u0219i taxelor.<\/p>\n<p>A\u0219a cum au confirmat partenerii no\u0219tri de la Bruxelles s\u0103pt\u0103m\u00e2na aceast\u0103, ne putem baza pe o economie robust\u0103, o cre\u0219tere constan\u021ba, care va fi sus\u021binut\u0103, \u00een 2025, prin investi\u021bii publice masive.<\/p>\n<p>At\u00e2t agen\u021biile de rating, c\u00e2t \u0219i investitorii care se uit\u0103 cu aten\u021bie la aceste semnale vor reg\u0103\u0219i \u00een traiectoria fiscal-bugetar\u0103 \u0219i \u00een evolu\u021bia noastr\u0103 economic\u0103 efectele m\u0103surilor asumate la nivel guvernamental. Ratingul de \u021bar\u0103 depinde \u00een mare m\u0103sur\u0103 de capacitatea noastr\u0103 de a ne respect\u0103 angajamentele\u201d, a punctat ministrul Finan\u021belor.<\/p>\n<p>Agen\u021bia de rating S&amp;P a confirmat vineri ratingurile Rom\u00e2niei la \u201cBBB-\/A-3\u201d, dar a revizuit perspectiva de la stabil\u0103 la negativ\u0103, din cauza riscurilor fiscale \u0219i externe ridicate, se arat\u0103 \u00eentr-un comunicat al agen\u021biei de evaluare financiar\u0103.<\/p>\n<p>S&amp;P semnaleaz\u0103 c\u0103 mediul politic fragmentat \u0219i nesigur din Rom\u00e2nia va \u00eent\u00e2rzia probabil agenda de consolidare fiscal\u0103 a noului Guvern \u0219i c\u0103 toate cheltuielile mari \u00eenainte de alegeri au \u00eempins deficitul fiscal aproape de 8,7% din PIB \u00een 2024, cu mult peste a\u0219tept\u0103rile agen\u021biei, ceea ce semnaleaz\u0103, de asemenea, provoc\u0103ri \u00een privin\u021ba controlului costurilor \u00eentr-o economie care \u00eencetine\u0219te.<\/p>\n<p>Politicile fiscale mai laxe vor men\u021bine deficitele de cont curent mari \u0219i vor fi tot mai mult finan\u021bate prin fluxuri care genereaz\u0103 datorii, expunand astfel poten\u021bial Rom\u00e2nia la \u0219ocuri legate de \u00eencrederea investitorilor str\u0103ini.<\/p>\n<p>\u201cPrin urmare, ne-am revizuit perspectiva de la stabil\u0103 la negativ\u0103 \u0219i am confirmat ratingurile noastre de credit suveran<\/p>\n<p>S&amp;P (Standard &amp; Poor\u2019s) nu a modificat ratingul de \u021bar\u0103, Rom\u00e2nia este \u00een continuare recomandat\u0103 investitorilor, \u00eens\u0103 agen\u021bia de rating ne-a dat un semnal c\u00e2t se poate de clar prin schimbarea perspectivei din stabil \u00een negativ, acela c\u0103 avem nevoie de m\u0103suri de reducere a deficitului bugetar, de un buget cump\u0103tat \u0219i un stat mai suplu, a transmis ministrul Finan\u021belor, Tanczos Barna, preluat de Agerpres.<\/p>\n<p>\u201cSchimbarea perspectivei, din stabil \u00een negativ, reprezint\u0103 un semnal c\u00e2t se poate de clar transmis de agen\u021bia de rating S&amp;P: avem nevoie de m\u0103suri de reducere a deficitului bugetar, un buget cump\u0103tat, un stat mai suplu, pentru a putea restabili echilibrul bugetar \u0219i \u00eent\u0103ri credibilitea fiscal\u0103 a \u021b\u0103rii.<\/p>\n<p>Prin evaluarea anun\u021bat\u0103 \u00een aceast\u0103 sear\u0103, S&amp;P nu modific\u0103 ratingul de \u021bar\u0103. Rom\u00e2nia este \u00een continuare recomandat\u0103 investitorilor, c\u0103 fiind sigur\u0103.<\/p>\n<p>Deciziile asumate de Guvern pentru reducerea deficitului bugetar \u0219i consolidarea cre\u0219terii economice trebuie implementate \u00een ritm alert, \u00een form\u0103 deja convenit\u0103 cu partenerii no\u0219tri europeni\u201d, a scris ministrul, vineri sear\u0103, pe pagin\u0103 s\u0103 de Facebook.<\/p>\n<p>El a subliniat c\u0103 bugetul pentru anul 2025, care va fi prezentat Guvernului \u0219i trimis spre aprobare Parlamentului \u00een zilele urm\u0103toare, \u00eent\u0103re\u0219te \u201caceast\u0103 viziune cump\u0103tat\u0103\u201d a gestion\u0103rii banului public.<\/p>\n<p>Totodat\u0103, a ad\u0103ugat el, m\u0103surile necesare reducerii deficitului trebuie s\u0103 fie \u00een\u021belese \u0219i respectate de conduc\u0103torii tuturor institu\u021biilor publice, de toate companiile de stat \u0219i de liderii de sindicate, de fiecare primar \u0219i pre\u0219edinte de CJ, de fiecare consilier local \u0219i jude\u021bean.<\/p>\n<p>\u201cNici m\u0103surile de reducere a cheltuielilor, nici reformele de eliminare a deficien\u021belor structurale din economie nu pot fi \u00eent\u00e2rziate, pentru c\u0103 fiecare zi \u00een care aplic\u0103m aceste m\u0103suri ne aduce mai aproape de \u021bint\u0103 de deficit asumat\u0103.<\/p>\n<p>ANAF \u0219i Autoritatea Rom\u00e2n\u0103 a V\u0103mii au pornit pe drumul digitalizarii \u0219i a cre\u0219terii capacit\u0103\u021bii institu\u021bionale, au deci datoria s\u0103 creasc\u0103 gradul de colectare a impozitelor \u0219i taxelor.<\/p>\n<p>A\u0219a cum au confirmat partenerii no\u0219tri de la Bruxelles s\u0103pt\u0103m\u00e2na aceast\u0103, ne putem baza pe o economie robust\u0103, o cre\u0219tere constan\u021ba, care va fi sus\u021binut\u0103, \u00een 2025, prin investi\u021bii publice masive.<\/p>\n<p>At\u00e2t agen\u021biile de rating, c\u00e2t \u0219i investitorii care se uit\u0103 cu aten\u021bie la aceste semnale vor reg\u0103\u0219i \u00een traiectoria fiscal-bugetar\u0103 \u0219i \u00een evolu\u021bia noastr\u0103 economic\u0103 efectele m\u0103surilor asumate la nivel guvernamental. Ratingul de \u021bar\u0103 depinde \u00een mare m\u0103sur\u0103 de capacitatea noastr\u0103 de a ne respect\u0103 angajamentele\u201d, a punctat ministrul Finan\u021belor.<\/p>\n<p>Agen\u021bia de rating S&amp;P a confirmat vineri ratingurile Rom\u00e2niei la \u201cBBB-\/A-3\u201d, dar a revizuit perspectiva de la stabil\u0103 la negativ\u0103, din cauza riscurilor fiscale \u0219i externe ridicate, se arat\u0103 \u00eentr-un comunicat al agen\u021biei de evaluare financiar\u0103.<\/p>\n<p>S&amp;P semnaleaz\u0103 c\u0103 mediul politic fragmentat \u0219i nesigur din Rom\u00e2nia va \u00eent\u00e2rzia probabil agenda de consolidare fiscal\u0103 a noului Guvern \u0219i c\u0103 toate cheltuielile mari \u00eenainte de alegeri au \u00eempins deficitul fiscal aproape de 8,7% din PIB \u00een 2024, cu mult peste a\u0219tept\u0103rile agen\u021biei, ceea ce semnaleaz\u0103, de asemenea, provoc\u0103ri \u00een privin\u021ba controlului costurilor \u00eentr-o economie care \u00eencetine\u0219te.<\/p>\n<p>Politicile fiscale mai laxe vor men\u021bine deficitele de cont curent mari \u0219i vor fi tot mai mult finan\u021bate prin fluxuri care genereaz\u0103 datorii, expunand astfel poten\u021bial Rom\u00e2nia la \u0219ocuri legate de \u00eencrederea investitorilor str\u0103ini.<\/p>\n<p>\u201cPrin urmare, ne-am revizuit perspectiva de la stabil\u0103 la negativ\u0103 \u0219i am confirmat ratingurile noastre de credit suveran \u201eBBB-\/A-3\u201d pentru Rom\u00e2nia\u201d, se men\u021bioneaz\u0103 \u00een comunicat.<\/p>\n<p>\u00a0<\/p>","protected":false},"excerpt":{"rendered":"<p>\u201cSchimbarea perspectivei, din stabil \u00een negativ, reprezint\u0103 un semnal c\u00e2t se poate de clar transmis&hellip;<\/p>\n","protected":false},"author":0,"featured_media":26449,"comment_status":"open","ping_status":"open","sticky":false,"template":"","format":"standard","meta":{"footnotes":""},"categories":[2],"tags":[],"class_list":["post-26448","post","type-post","status-publish","format-standard","has-post-thumbnail","hentry","category-actual"],"_links":{"self":[{"href":"https:\/\/247stiri.ro\/index.php\/wp-json\/wp\/v2\/posts\/26448","targetHints":{"allow":["GET"]}}],"collection":[{"href":"https:\/\/247stiri.ro\/index.php\/wp-json\/wp\/v2\/posts"}],"about":[{"href":"https:\/\/247stiri.ro\/index.php\/wp-json\/wp\/v2\/types\/post"}],"replies":[{"embeddable":true,"href":"https:\/\/247stiri.ro\/index.php\/wp-json\/wp\/v2\/comments?post=26448"}],"version-history":[{"count":0,"href":"https:\/\/247stiri.ro\/index.php\/wp-json\/wp\/v2\/posts\/26448\/revisions"}],"wp:featuredmedia":[{"embeddable":true,"href":"https:\/\/247stiri.ro\/index.php\/wp-json\/wp\/v2\/media\/26449"}],"wp:attachment":[{"href":"https:\/\/247stiri.ro\/index.php\/wp-json\/wp\/v2\/media?parent=26448"}],"wp:term":[{"taxonomy":"category","embeddable":true,"href":"https:\/\/247stiri.ro\/index.php\/wp-json\/wp\/v2\/categories?post=26448"},{"taxonomy":"post_tag","embeddable":true,"href":"https:\/\/247stiri.ro\/index.php\/wp-json\/wp\/v2\/tags?post=26448"}],"curies":[{"name":"wp","href":"https:\/\/api.w.org\/{rel}","templated":true}]}}