{"id":26455,"date":"2025-01-25T08:45:00","date_gmt":"2025-01-25T08:45:00","guid":{"rendered":"https:\/\/247stiri.ro\/index.php\/2025\/01\/25\/angajatii-de-la-senatul-romaniei-proteste-dupa-ce-ilie-bolojan-a-anuntat-concedieri-masive-video\/"},"modified":"2025-01-25T08:45:00","modified_gmt":"2025-01-25T08:45:00","slug":"angajatii-de-la-senatul-romaniei-proteste-dupa-ce-ilie-bolojan-a-anuntat-concedieri-masive-video","status":"publish","type":"post","link":"https:\/\/247stiri.ro\/index.php\/2025\/01\/25\/angajatii-de-la-senatul-romaniei-proteste-dupa-ce-ilie-bolojan-a-anuntat-concedieri-masive-video\/","title":{"rendered":"Angaja\u021bii de la Senatul Rom\u00e2niei, proteste dup\u0103 ce Ilie Bolojan a anun\u021bat concedieri masive VIDEO"},"content":{"rendered":"<p>A fost revolt\u0103 uria\u0219\u0103 la Senat dup\u0103 ce pre\u0219edintele Ilie Bolojan a anun\u021bat c\u0103 d\u0103 afar\u0103 aproape 200 de oameni.<\/p>\n<p>Protestatarii l-au huiduit pe liderul PNL chiar \u00een timpul conferin\u021bei sale de pres\u0103 \u0219i au amenin\u021bat c\u0103 \u00eel vor da \u00een judecat\u0103.<\/p>\n<p>Func\u021bionarii sus\u021bin c\u0103 au ocupat acele posturi prin concurs \u0219i c\u0103 ar trebui analizat personalul alocat parlamentarilor, nu cel de specialitate. \u00centre timp, \u0219i pre\u0219edintele Camerei Deputa\u021bilor a anun\u021bat c\u0103 preg\u0103te\u0219te o restructurare.\u00a0<\/p>\n<p>Reac\u021bia angaja\u021bilor de la Senat vine dup\u0103 ce Ilie Bolojan a anun\u021bat c\u0103 \u00eencepe marea reorganizare. Num\u0103rul posturilor va fi diminuat, iar aproximativ 200 de oameni vor r\u0103m\u00e2ne f\u0103r\u0103 loc de munc\u0103. Func\u021bionarii au oprit conferin\u021ba de pres\u0103 a \u0219efului Senatului \u0219i au venit cu mai multe repro\u0219uri.<\/p>\n<p>\u00centre timp, pre\u0219edintele Camerei Deputa\u021bilor a anun\u021bat c\u0103 se preg\u0103te\u0219te s\u0103 desfiin\u021beze un num\u0103r similar de posturi. Un Secretar General din Parlament \u00eencaseaz\u0103 lunar peste 23.000 de lei brut, la care se adaug\u0103 \u0219i un spor de 1.500 de lei pe lun\u0103, \u00een timp ce un director prime\u0219te aproape 16.000 de lei, la care se adaug\u0103 \u0219i sporurile.<\/p>","protected":false},"excerpt":{"rendered":"<p>A fost revolt\u0103 uria\u0219\u0103 la Senat dup\u0103 ce pre\u0219edintele Ilie Bolojan a anun\u021bat c\u0103 d\u0103&hellip;<\/p>\n","protected":false},"author":0,"featured_media":26452,"comment_status":"open","ping_status":"open","sticky":false,"template":"","format":"standard","meta":{"footnotes":""},"categories":[2],"tags":[],"class_list":["post-26455","post","type-post","status-publish","format-standard","has-post-thumbnail","hentry","category-actual"],"_links":{"self":[{"href":"https:\/\/247stiri.ro\/index.php\/wp-json\/wp\/v2\/posts\/26455","targetHints":{"allow":["GET"]}}],"collection":[{"href":"https:\/\/247stiri.ro\/index.php\/wp-json\/wp\/v2\/posts"}],"about":[{"href":"https:\/\/247stiri.ro\/index.php\/wp-json\/wp\/v2\/types\/post"}],"replies":[{"embeddable":true,"href":"https:\/\/247stiri.ro\/index.php\/wp-json\/wp\/v2\/comments?post=26455"}],"version-history":[{"count":0,"href":"https:\/\/247stiri.ro\/index.php\/wp-json\/wp\/v2\/posts\/26455\/revisions"}],"wp:featuredmedia":[{"embeddable":true,"href":"https:\/\/247stiri.ro\/index.php\/wp-json\/wp\/v2\/media\/26452"}],"wp:attachment":[{"href":"https:\/\/247stiri.ro\/index.php\/wp-json\/wp\/v2\/media?parent=26455"}],"wp:term":[{"taxonomy":"category","embeddable":true,"href":"https:\/\/247stiri.ro\/index.php\/wp-json\/wp\/v2\/categories?post=26455"},{"taxonomy":"post_tag","embeddable":true,"href":"https:\/\/247stiri.ro\/index.php\/wp-json\/wp\/v2\/tags?post=26455"}],"curies":[{"name":"wp","href":"https:\/\/api.w.org\/{rel}","templated":true}]}}