{"id":26456,"date":"2025-01-25T08:45:00","date_gmt":"2025-01-25T08:45:00","guid":{"rendered":"https:\/\/247stiri.ro\/index.php\/2025\/01\/25\/diana-sosoaca-s-a-razgandit-candideaza-la-prezidentiale-desi-anunta-retragerea-din-viata-publica-m-au-convins-oamenii\/"},"modified":"2025-01-25T08:45:00","modified_gmt":"2025-01-25T08:45:00","slug":"diana-sosoaca-s-a-razgandit-candideaza-la-prezidentiale-desi-anunta-retragerea-din-viata-publica-m-au-convins-oamenii","status":"publish","type":"post","link":"https:\/\/247stiri.ro\/index.php\/2025\/01\/25\/diana-sosoaca-s-a-razgandit-candideaza-la-prezidentiale-desi-anunta-retragerea-din-viata-publica-m-au-convins-oamenii\/","title":{"rendered":"Diana \u0218o\u0219oac\u0103 s-a r\u0103zg\u00e2ndit: Candideaz\u0103 la preziden\u021biale, de\u0219i anun\u021ba retragerea din via\u021ba public\u0103. \u201eM-au convins oamenii!\u201d"},"content":{"rendered":"<p>Pre\u0219edinta SOS Rom\u00e2nia, Diana Sosoaca, \u0219i-a anun\u021bat candidatura la alegerile preziden\u021biale care vor fi reluate \u00een luna mai. Anun\u021bul a fost f\u0103cut \u00een Parlament, la conferin\u021b\u0103 organizat\u0103 de SOS Rom\u00e2nia cu ocazia Zilei Unirii Principatelor Rom\u00e2ne.<\/p>\n<p>\u201eAm v\u0103zut c\u0103 vre\u021bi s\u0103 candidez la Pre\u0219edin\u021bia Rom\u00e2niei. \u021a\u00een s\u0103 va anun\u021b c\u0103 \u00een Comitetul Na\u021bional care a avut loc la Boto\u0219ani s-a votat candidat\u0103 partidului la Pre\u0219edin\u021bia Rom\u00e2niei, s\u0103 fie Diana Ivanovici Sosoaca\u201d, a afirmat eurodeputata.<\/p>\n<p>Diana \u0218o\u0219oac\u0103 a explicat c\u0103, de\u0219i luase decizia de a se retrage din via\u021b\u0103 public\u0103, a fost convins\u0103 de sus\u021bin\u0103tori s\u0103 revin\u0103 \u0219i s\u0103 candideze.<\/p>\n<p>Amintim c\u0103 judec\u0103torii Cur\u021bii Constitu\u021bionale au respins, \u00een luna octombrie a anului trecut, candidatura Dianei \u0218o\u0219oac\u0103 la alegerile preziden\u021biale.<\/p>\n<p>Printre motivele pentru care magistra\u021bii CCR au respins candidatura Dianei \u0218o\u0219oac\u0103 se num\u0103r\u0103 \u0219i declara\u021biile f\u0103cute de aceast\u0103.<\/p>\n<p>\u201eDiana \u0218o\u0219oac\u0103 pune la \u00eendoial\u0103 \u0219i desconsider\u0103 obliga\u021bia de respectare a Constitu\u021biei prin discursul sau public referitor la calitatea Rom\u00e2niei de stat membru al UE \u0219i NATO\u201d, preciza Curtea Constitu\u021bional\u0103, \u00een motivarea deciziei privind respingerea candidaturii acesteia la preziden\u021biale.<\/p>\n<p>Pe 6 ianuarie 2025, Diana \u0218o\u0219oac\u0103 anun\u021b\u0103 c\u0103 se retrage din spa\u021biul public \u00een unor amenin\u021b\u0103ri la adresa ei \u0219i a familiei. La o emisiune de televiziune, aceast\u0103 a vorbit despre faptul c\u0103 \u201ese teme pentru via\u021b\u0103 ei \u0219i pentru siguran\u021b\u0103 copiilor ei.\u201d<\/p>\n<p>\u00a0<\/p>","protected":false},"excerpt":{"rendered":"<p>Pre\u0219edinta SOS Rom\u00e2nia, Diana Sosoaca, \u0219i-a anun\u021bat candidatura la alegerile preziden\u021biale care vor fi reluate&hellip;<\/p>\n","protected":false},"author":0,"featured_media":26454,"comment_status":"open","ping_status":"open","sticky":false,"template":"","format":"standard","meta":{"footnotes":""},"categories":[2],"tags":[],"class_list":["post-26456","post","type-post","status-publish","format-standard","has-post-thumbnail","hentry","category-actual"],"_links":{"self":[{"href":"https:\/\/247stiri.ro\/index.php\/wp-json\/wp\/v2\/posts\/26456","targetHints":{"allow":["GET"]}}],"collection":[{"href":"https:\/\/247stiri.ro\/index.php\/wp-json\/wp\/v2\/posts"}],"about":[{"href":"https:\/\/247stiri.ro\/index.php\/wp-json\/wp\/v2\/types\/post"}],"replies":[{"embeddable":true,"href":"https:\/\/247stiri.ro\/index.php\/wp-json\/wp\/v2\/comments?post=26456"}],"version-history":[{"count":0,"href":"https:\/\/247stiri.ro\/index.php\/wp-json\/wp\/v2\/posts\/26456\/revisions"}],"wp:featuredmedia":[{"embeddable":true,"href":"https:\/\/247stiri.ro\/index.php\/wp-json\/wp\/v2\/media\/26454"}],"wp:attachment":[{"href":"https:\/\/247stiri.ro\/index.php\/wp-json\/wp\/v2\/media?parent=26456"}],"wp:term":[{"taxonomy":"category","embeddable":true,"href":"https:\/\/247stiri.ro\/index.php\/wp-json\/wp\/v2\/categories?post=26456"},{"taxonomy":"post_tag","embeddable":true,"href":"https:\/\/247stiri.ro\/index.php\/wp-json\/wp\/v2\/tags?post=26456"}],"curies":[{"name":"wp","href":"https:\/\/api.w.org\/{rel}","templated":true}]}}