{"id":26477,"date":"2025-01-25T10:44:50","date_gmt":"2025-01-25T10:44:50","guid":{"rendered":"https:\/\/247stiri.ro\/index.php\/2025\/01\/25\/pericol-pe-sine-greva-spontana-a-angajatilor-de-la-cfr-calatori-care-sunt-revendicarile\/"},"modified":"2025-01-25T10:44:50","modified_gmt":"2025-01-25T10:44:50","slug":"pericol-pe-sine-greva-spontana-a-angajatilor-de-la-cfr-calatori-care-sunt-revendicarile","status":"publish","type":"post","link":"https:\/\/247stiri.ro\/index.php\/2025\/01\/25\/pericol-pe-sine-greva-spontana-a-angajatilor-de-la-cfr-calatori-care-sunt-revendicarile\/","title":{"rendered":"Pericol pe \u0219ine. Grev\u0103 spontan\u0103 a angaja\u021bilor de la CFR C\u0103l\u0103tori. Care sunt revendic\u0103rile?"},"content":{"rendered":"<p>\u201dCeferistii sunt hot\u0103r\u00e2\u021bi s\u0103 opreasc\u0103 spontan lucrul dac\u0103 nu se repun de la 1 februarie 2025 \u00een circula\u021bie toate trenurile anulate de CFR C\u0103l\u0103tori, dup\u0103 mai pu\u021bin de o lun\u0103 de la punerea \u00een aplicare a Mersului de Tren pe anul 2025\u201d, se arat\u0103 \u00eentr-un comunicat dat publicit\u0103\u021bii s\u00e2mb\u0103t\u0103 diminea\u021b\u0103 de pre\u0219edintele Federa\u021biei Sindicatelor Transportatorilor Feroviari din Rom\u00e2nia, Rodrigo Maxim.<\/p>\n<p>O alt\u0103 solicitare a sindicali\u0219tilor este aplicarea art 28.(1) litera l) din Legea nr 360\/2023 privind sistemul public de pensii, care prevede c\u0103 de la 1 septembrie unit\u0103\u021bile feroviare de stat vor pl\u0103ti contribu\u021bia suplimentar\u0103 pentru condi\u021bii de munc\u0103 speciale pentru ceferi\u0219tii care sunt \u00eencadra\u021bi la Siguran\u021ba Circula\u021biei Feroviare. Ceferi\u0219tii acuz\u0103 conducerile companiilor\u00a0<a href=\"https:\/\/catalogferoviar.ro\/catalog\/229\/societatea-nationala-de-transport-feroviar-de-calatori-cfr-calatori-s-a\/\" target=\"_blank\">SNTFC CFR C\u0103l\u0103tori<\/a> \u0219i CNCF CFR SA c\u0103 vor s\u0103 recurg\u0103 la concedieri colective nejustificate prin redimensionarea activit\u0103\u021bii feroviare dup\u0103 anularea trenurilor de c\u0103l\u0103tori.\u00a0<\/p>\n<p>Ceferi\u0219tii au ie\u0219it \u00een strad\u0103<\/p>\n<p>Vineri, de Ziua Unirii Principatelor Rom\u00e2ne, \u00een Pia\u021ba Victoriei din Bucure\u0219ti a avut loc primul miting al ceferi\u0219tilor din acest an, \u00een semn de protest fa\u021b\u0103 de m\u0103surile de austeritate luate de guvernan\u021bi, \u00een special prin intermediul Ordonan\u021bei Trenule\u021b.<\/p>\n<p>Membrii Federa\u021biei Sindicatelor Transportatorilor Feroviari din Rom\u00e2nia, \u00een frunte cu Rodrigo Maxim, s-au adunat \u00een fa\u021ba sediului Guvernului, al\u0103turi de silvicultori, militari \u00een rezerv\u0103, poli\u0163i\u015fti, mineri, siderurgi\u015fti \u0219i energeticieni. \u201dJos Guvernul Ciolacu 2\u201d, \u201dEconomia noi am salvat, voi \u00een picioare ne-a\u021bi c\u0103lcat\u201d, \u201d7 ani de s\u0103r\u0103cie\u201d, \u201dPentru voi cont\u0103m doar c\u00e2nd vot\u0103m\u201d \u2013 acestea era doar c\u00e2teva dintre inscrip\u021biile de pe pancartele purtate de participan\u021bii la ac\u021biunea de protest. R\u00e2nd pe r\u00e2nd, delega\u021biile de sindicali\u0219ti din diverse ramuri de activitate au intrat \u00een Palatul Victoria, pentru a discuta cu oficialii guvernamentali. Nu s-au \u00eentors \u00eens\u0103 cu promisuni ferme c\u0103 situa\u021bia se va rezolva, ci doar cu asigur\u0103ri c\u0103 Ordonan\u021ba 156\/2024 (Ordonan\u021ba Trenule\u021b) va fi discutat\u0103 \u00een Parlament \u00een sesiunea care va \u00eencepe pe 3 februarie, prilej cu care ar putea suferi modific\u0103ri.<\/p>\n<p><a href=\"https:\/\/clubferoviar.ro\/posibila-greva-spontana-la-cfr-calatori\/\" target=\"_blank\">SURSA<\/a><\/p>","protected":false},"excerpt":{"rendered":"<p>\u201dCeferistii sunt hot\u0103r\u00e2\u021bi s\u0103 opreasc\u0103 spontan lucrul dac\u0103 nu se repun de la 1 februarie&hellip;<\/p>\n","protected":false},"author":0,"featured_media":26478,"comment_status":"open","ping_status":"open","sticky":false,"template":"","format":"standard","meta":{"footnotes":""},"categories":[2],"tags":[],"class_list":["post-26477","post","type-post","status-publish","format-standard","has-post-thumbnail","hentry","category-actual"],"_links":{"self":[{"href":"https:\/\/247stiri.ro\/index.php\/wp-json\/wp\/v2\/posts\/26477","targetHints":{"allow":["GET"]}}],"collection":[{"href":"https:\/\/247stiri.ro\/index.php\/wp-json\/wp\/v2\/posts"}],"about":[{"href":"https:\/\/247stiri.ro\/index.php\/wp-json\/wp\/v2\/types\/post"}],"replies":[{"embeddable":true,"href":"https:\/\/247stiri.ro\/index.php\/wp-json\/wp\/v2\/comments?post=26477"}],"version-history":[{"count":0,"href":"https:\/\/247stiri.ro\/index.php\/wp-json\/wp\/v2\/posts\/26477\/revisions"}],"wp:featuredmedia":[{"embeddable":true,"href":"https:\/\/247stiri.ro\/index.php\/wp-json\/wp\/v2\/media\/26478"}],"wp:attachment":[{"href":"https:\/\/247stiri.ro\/index.php\/wp-json\/wp\/v2\/media?parent=26477"}],"wp:term":[{"taxonomy":"category","embeddable":true,"href":"https:\/\/247stiri.ro\/index.php\/wp-json\/wp\/v2\/categories?post=26477"},{"taxonomy":"post_tag","embeddable":true,"href":"https:\/\/247stiri.ro\/index.php\/wp-json\/wp\/v2\/tags?post=26477"}],"curies":[{"name":"wp","href":"https:\/\/api.w.org\/{rel}","templated":true}]}}