{"id":26487,"date":"2025-01-25T11:54:53","date_gmt":"2025-01-25T11:54:53","guid":{"rendered":"https:\/\/247stiri.ro\/index.php\/2025\/01\/25\/dezvaluiri-incendiare-despre-camarila-din-jurul-lui-iohannis-cum-au-facut-bani-apropiatii-locatarului-care-nu-mai-pleaca-de-la-cotroceni\/"},"modified":"2025-01-25T11:54:53","modified_gmt":"2025-01-25T11:54:53","slug":"dezvaluiri-incendiare-despre-camarila-din-jurul-lui-iohannis-cum-au-facut-bani-apropiatii-locatarului-care-nu-mai-pleaca-de-la-cotroceni","status":"publish","type":"post","link":"https:\/\/247stiri.ro\/index.php\/2025\/01\/25\/dezvaluiri-incendiare-despre-camarila-din-jurul-lui-iohannis-cum-au-facut-bani-apropiatii-locatarului-care-nu-mai-pleaca-de-la-cotroceni\/","title":{"rendered":"Dezv\u0103luiri incendiare despre camarila din jurul lui Iohannis. Cum au f\u0103cut bani apropia\u021bii locatarului care nu mai pleac\u0103 de la Cotroceni"},"content":{"rendered":"<p>Dosarele locatarului de la Cotroceni au fost \u00eenghe\u021bate, iar de la finalul mandatului acesta ar putea s\u0103 fie pus sub acuzare pentru fapte de corup\u021bie. Agen\u021bia Na\u021bional\u0103 de integritate l-a g\u0103sit \u00een conflict de interese \u00een 2013, dar raportul inspectorilor \u0219i ancheta a fost blocat\u0103 de alegerea lui Iohannis la conducerea \u021b\u0103rii.\u00a0<\/p>\n<p>Klaus Iohannis nu a sc\u0103pat de problemele penale chiar dac\u0103 a ajuns la palatul Cotroceni \u00een 2014. Prescrierea faptelor a fost \u00eenghe\u021bat\u0103 \u00een momentul \u00een care Iohannis a depus jur\u0103m\u00e2ntul \u00een calitate de pre\u0219edinte. \u0218eful statului ilegitim a fost declarat incompatibil \u00een 2013 de c\u0103tre Agen\u021bia Na\u021bional\u0103 de Integritate, dup\u0103 ce a semnat mai multe contracte pentru Forumul democrat German.<\/p>\n<p>Corpul de Control al Guvernului a f\u0103cut verific\u0103ri \u00een 2010 la Sibiu, dup\u0103 ce Autoritatea Na\u0163ional\u0103 de Restituire a Propriet\u0103\u0163ilor a constatat nereguli.\u00cen anul 2010, Klaus Iohannis a fost \u015fi primar \u015fi pre\u015fedinte al Comisiei de retroced\u0103ri a municipalit\u0103\u0163ii. Atunci au fost retrocedate numeroase cl\u0103diri \u015fi terenuri, \u00eentre care Palatul Brukenthal, Filarmonica, sediul Inspectoratului \u015fcolar, \u015fcoli, gr\u0103dini\u0163ie, toate \u00een favoarea Forumului Democrat German, prin Consistoriul evanghelic.Retrocedarea unui ansamblu imobiliar din centrul Sibiului, aflat pe strada Magheru 1 \u2013 3, c\u0103tre Forumul Democrat al Germanilor din Rom\u00e2nia \u2013 FDGR este un caz revolt\u0103tor. Acest impozant imobil situat \u00een centrul ora\u015fului este un monument istoric renovat din bani publici \u015fi a fost revendicat \u00een instan\u0163\u0103 \u00een 1993, unde s-a invocat c\u0103 FDGR ar fi succesorul de drept al unei funda\u0163ii de caritate care a func\u0163ionat p\u00e2n\u0103 la instaurarea regimului comunist. Nu exist\u0103 absolut niciun act la dosarul de retrocedare depus \u00een instan\u0163\u0103 care s\u0103 probeze faptul c\u0103 FDGR are dreptul juridic de a fi declarat oficial continuatorul acestei funda\u0163ii.Klaus Iohannis a semnat \u00een 2024 o serie de decrete de decorare a unor reprezentan\u0163i ai Forumului Democrat al Germanilor din Rom\u00e2nia, \u00eentre care se num\u0103r\u0103 pre\u015fedintele FDGR, Paul-Jurgen Porr.Klaus Iohannis a fost implicat \u00een Afacerea aeroportul Sibiu. Peste 100 de milioane de euro au fost investite degeaba \u00eentr-o lucrare neconform\u0103. Firma german\u0103 Max Boegl, care a primit lucr\u0103rile, a fost favorizat\u0103 \u015fi pentru construirea \u015foselei de centur\u0103 a Sibiului, au scris jurnali\u0219tii \u00een momentul \u00een care aceste afaceri se derulau cu semn\u0103tura lui Iohannis.Pre\u0219edintele ilegitim a f\u0103cut investi\u021bii doar pentru evenimentele culturale desf\u0103\u0219urate \u00een 2007 \u00een cadrul Capitalei Culturale Europene. Cea mai spectaculoas\u0103 investi\u021bie \u2013 de aproape un milion de euro \u2013 fiind f\u0103cut\u0103 \u00eentr-un cort din Germania, \u00eenchiriat ini\u0163ial, cump\u0103rat \u00een final. \u201eInvesti\u0163ia\u201d a avut utilitate exclusiv \u00een 2007.Anul trecut, Klaus Iohannis a pierdut dou\u0103 dintre imobilele de\u021binute \u00een Sibiu, iar familia lui Iohannis trebuie s\u0103 restituie banii din chirii, astfel trebuie returna\u021bi 260.000 de euro.<\/p>\n<p>Imobilul a apar\u021binut so\u021biei pre\u0219edintelui, Carmen Iohannis.\u00a0<\/p>","protected":false},"excerpt":{"rendered":"<p>Dosarele locatarului de la Cotroceni au fost \u00eenghe\u021bate, iar de la finalul mandatului acesta ar&hellip;<\/p>\n","protected":false},"author":0,"featured_media":26476,"comment_status":"open","ping_status":"open","sticky":false,"template":"","format":"standard","meta":{"footnotes":""},"categories":[2],"tags":[],"class_list":["post-26487","post","type-post","status-publish","format-standard","has-post-thumbnail","hentry","category-actual"],"_links":{"self":[{"href":"https:\/\/247stiri.ro\/index.php\/wp-json\/wp\/v2\/posts\/26487","targetHints":{"allow":["GET"]}}],"collection":[{"href":"https:\/\/247stiri.ro\/index.php\/wp-json\/wp\/v2\/posts"}],"about":[{"href":"https:\/\/247stiri.ro\/index.php\/wp-json\/wp\/v2\/types\/post"}],"replies":[{"embeddable":true,"href":"https:\/\/247stiri.ro\/index.php\/wp-json\/wp\/v2\/comments?post=26487"}],"version-history":[{"count":0,"href":"https:\/\/247stiri.ro\/index.php\/wp-json\/wp\/v2\/posts\/26487\/revisions"}],"wp:featuredmedia":[{"embeddable":true,"href":"https:\/\/247stiri.ro\/index.php\/wp-json\/wp\/v2\/media\/26476"}],"wp:attachment":[{"href":"https:\/\/247stiri.ro\/index.php\/wp-json\/wp\/v2\/media?parent=26487"}],"wp:term":[{"taxonomy":"category","embeddable":true,"href":"https:\/\/247stiri.ro\/index.php\/wp-json\/wp\/v2\/categories?post=26487"},{"taxonomy":"post_tag","embeddable":true,"href":"https:\/\/247stiri.ro\/index.php\/wp-json\/wp\/v2\/tags?post=26487"}],"curies":[{"name":"wp","href":"https:\/\/api.w.org\/{rel}","templated":true}]}}