{"id":26492,"date":"2025-01-25T12:58:20","date_gmt":"2025-01-25T12:58:20","guid":{"rendered":"https:\/\/247stiri.ro\/index.php\/2025\/01\/25\/ce-este-coiful-dacic-de-la-cotofenesti-obiect-disparut-in-urma-exploziei-de-la-muzeul-din-olanda\/"},"modified":"2025-01-25T12:58:20","modified_gmt":"2025-01-25T12:58:20","slug":"ce-este-coiful-dacic-de-la-cotofenesti-obiect-disparut-in-urma-exploziei-de-la-muzeul-din-olanda","status":"publish","type":"post","link":"https:\/\/247stiri.ro\/index.php\/2025\/01\/25\/ce-este-coiful-dacic-de-la-cotofenesti-obiect-disparut-in-urma-exploziei-de-la-muzeul-din-olanda\/","title":{"rendered":"Ce este Coiful Dacic de la Co\u021bofene\u0219ti, obiect disp\u0103rut \u00een urma exploziei de la muzeul din Olanda"},"content":{"rendered":"<p>Coiful de la Co\u021bofene\u0219ti este un coif geto-dac ce dateaz\u0103 din prima jum\u0103tate a secolului al IV-lea \u00ee.Hr.<\/p>\n<p>Coiful a fost descoperit \u00een anul 1928 \u00een satul Co\u021bofene\u0219ti, comuna Poiana V\u0103rbil\u0103u, jude\u021bul Prahova, de c\u0103tre un elev al \u0219colii primare din localitate. Este o pies\u0103 din aur masiv, c\u00e2nt\u0103rind 770 grame, aproape intact\u0103. \u00cei lipse\u0219te doar partea superioar\u0103 a calotei, \u00een rest, nici un detaliu de decor nu este deteriorat.<\/p>\n<p>Coiful de aur a fost adus ini\u021bial la Muzeul Na\u021bional de Antichit\u0103\u021bi, din Bucure\u0219ti, \u0219i p\u0103strat acolo p\u00e2n\u0103 \u00een 1970, fiind expus \u00een prezent la Muzeul Na\u021bional de Istorie a Rom\u00e2niei, \u00een sala de tezaur.<\/p>\n<p>Coiful de la Poiana Co\u021bofene\u0219ti este datat \u00een jurul anilor 400 \u00ee.e.n. Foarte probabil, obiectul a apar\u021binut unui rege geto-dac &#8211; c\u0103petenie a unei forma\u021biuni politice autohtone constituit\u0103 \u00een zon\u0103, pe la sf\u00e2r\u0219itul secolului V, \u00eenceputul secolului IV i.e.n.<\/p>\n<p>Coiful are o calot\u0103 de aur \u00eempodobit\u0103 cu \u0219apte r\u00e2nduri paralele de nasturi conici radia\u021bi, are pe marginea inferioar\u0103 un chenar de linii spirale punctate, care \u00eencadreaz\u0103 patru pl\u0103ci acoperite cu reliefuri. Cea din fa\u021b\u0103 reprezint\u0103 o pereche de ochi holba\u021bi, cu spr\u00e2ncene duble \u0219i \u00eentoarse \u00een a\u0219a fel \u00eenc\u00e2t s\u0103 inspire groaz\u0103. (Acela\u0219i motiv apotropaic se reg\u0103se\u0219te \u0219i pe alte coifuri antice descoperite pe teritoriul Rom\u00e2niei.) Cea din spate, desp\u0103r\u021bit\u0103 \u00een dou\u0103 registre, \u00eenf\u0103\u021bi\u0219eaz\u0103 \u00een registrul superior figuri de oameni fantastici, cu picioarele \u00een form\u0103 de \u0219erpi, iar \u00een cel inferior animalele fantastice urm\u0103rindu-se unele pe altele. Cele dou\u0103 pl\u0103ci laterale reprezint\u0103 scene de sacrificiu, cu preo\u021bi purt\u00e2nd pe cap tiare. Dup\u0103 al\u021bi autori, pe cele dou\u0103 obr\u0103zare fixe dreptunghiulare, care au fiecare c\u00e2te un orificiu la baz\u0103, este reprezentat\u0103 aceea\u0219i scen\u0103 de sacrificiu: un r\u0103zboinic \u00eenjunghiind un berbec.<\/p>\n<p>Coiful de parad\u0103 a fost lucrat din dou\u0103 buc\u0103\u021bi de tabl\u0103 de aur, produse prin batere la rece, dintr-un lingou de aur natural, nerafinat, cu compozi\u021bia: Au = 760\u2030, Ag = 225\u2030 \u0219i Cu = 10\u2030. Tabla de aur utilizat\u0103 pentru producerea coifului de parad\u0103 de la Co\u021bof\u0103ne\u0219ti are grosimi variabile. Acestea merg de la 2,82 mm, \u00een partea de la baz\u0103, p\u00e2n\u0103 la numai 0,76 mm, \u00een zona superioar\u0103 calotei p\u0103strate. Corpul principal al coifului de parad\u0103 de la Co\u021bof\u0103ne\u0219ti are \u00een\u0103l\u021bimea total\u0103 de 24,32 cm, av\u00e2nd diametrul interior, \u00een zona median\u0103 (\u00een zona ochilor), de 18,42 cm, de 17,6 cm (\u00een dreptul urechilor) \u0219i de numai 13,5 cm, \u00een zona rupturii calotei.<\/p>\n<p>\u00a0<\/p>","protected":false},"excerpt":{"rendered":"<p>Coiful de la Co\u021bofene\u0219ti este un coif geto-dac ce dateaz\u0103 din prima jum\u0103tate a secolului&hellip;<\/p>\n","protected":false},"author":0,"featured_media":26493,"comment_status":"open","ping_status":"open","sticky":false,"template":"","format":"standard","meta":{"footnotes":""},"categories":[2],"tags":[],"class_list":["post-26492","post","type-post","status-publish","format-standard","has-post-thumbnail","hentry","category-actual"],"_links":{"self":[{"href":"https:\/\/247stiri.ro\/index.php\/wp-json\/wp\/v2\/posts\/26492","targetHints":{"allow":["GET"]}}],"collection":[{"href":"https:\/\/247stiri.ro\/index.php\/wp-json\/wp\/v2\/posts"}],"about":[{"href":"https:\/\/247stiri.ro\/index.php\/wp-json\/wp\/v2\/types\/post"}],"replies":[{"embeddable":true,"href":"https:\/\/247stiri.ro\/index.php\/wp-json\/wp\/v2\/comments?post=26492"}],"version-history":[{"count":0,"href":"https:\/\/247stiri.ro\/index.php\/wp-json\/wp\/v2\/posts\/26492\/revisions"}],"wp:featuredmedia":[{"embeddable":true,"href":"https:\/\/247stiri.ro\/index.php\/wp-json\/wp\/v2\/media\/26493"}],"wp:attachment":[{"href":"https:\/\/247stiri.ro\/index.php\/wp-json\/wp\/v2\/media?parent=26492"}],"wp:term":[{"taxonomy":"category","embeddable":true,"href":"https:\/\/247stiri.ro\/index.php\/wp-json\/wp\/v2\/categories?post=26492"},{"taxonomy":"post_tag","embeddable":true,"href":"https:\/\/247stiri.ro\/index.php\/wp-json\/wp\/v2\/tags?post=26492"}],"curies":[{"name":"wp","href":"https:\/\/api.w.org\/{rel}","templated":true}]}}