{"id":26494,"date":"2025-01-25T12:58:21","date_gmt":"2025-01-25T12:58:21","guid":{"rendered":"https:\/\/247stiri.ro\/index.php\/2025\/01\/25\/explozie-puternica-langa-un-muzeu-din-olanda-unde-erau-expuse-obiecte-din-tezaurul-dacic-cateva-piese-au-disparut\/"},"modified":"2025-01-25T12:58:21","modified_gmt":"2025-01-25T12:58:21","slug":"explozie-puternica-langa-un-muzeu-din-olanda-unde-erau-expuse-obiecte-din-tezaurul-dacic-cateva-piese-au-disparut","status":"publish","type":"post","link":"https:\/\/247stiri.ro\/index.php\/2025\/01\/25\/explozie-puternica-langa-un-muzeu-din-olanda-unde-erau-expuse-obiecte-din-tezaurul-dacic-cateva-piese-au-disparut\/","title":{"rendered":"Explozie puternic\u0103 l\u00e2ng\u0103 un muzeu din Olanda unde erau expuse obiecte din tezaurul dacic. C\u00e2teva piese au disp\u0103rut"},"content":{"rendered":"<p>Explozia s-a produs \u00een jurul orei 3:45 a.m., distrug\u00e2nd mai multe cl\u0103diri dar \u015fi ferestre ale unor imobile. Poli\u0163ia nu a arestat \u00eenc\u0103 niciun suspect \u015fi \u00eendeamn\u0103 persoanele care au informa\u0163ii despre incident s\u0103 contacteze autorit\u0103\u0163ile, scriu jurnali\u015ftii de la NL Times.<\/p>\n<p>A fost deja f\u0103cut cercetarea la fa\u0163a locului \u015fi nu este clar, deocamdat\u0103, dac\u0103 deflagra\u0163ia a fost provocat\u0103 de o persoan\u0103 sau dac\u0103 au fost implica\u0163i mai mul\u0163i indivizi.<\/p>\n<p>Muzeul g\u0103zduia o expozi\u021bie special\u0103 despre Dacia<\/p>\n<p>Muzeul Drents din Assen g\u0103zduie\u015fte expozi\u0163ia \u201eDacia! Rijk van goud en zilver\u201d\/ \u201eDacia! Regatul aurului \u015fi argintului\u201d. Aceasta a fost deschis\u0103 publicului anul trecut, \u00een luna iulie.<\/p>\n<p>Expozi\u0163ia curatoriat\u0103 de Muzeul Na\u0163ional de Istorie a Rom\u00e2niei \u015fi Muzeul Drents cuprinde elemente ce provin din colec\u0163iile a 18 muzee rom\u00e2ne\u015fti.<\/p>\n<p>Cele aproape 700 de piese fac parte din peste 50 de tezaure \u015fi constituie cea mai reprezentativ\u0103 selec\u0163ie de bunuri din metale pre\u0163ioase ale vechii Dacii descoperite p\u00e2n\u0103 acum \u00een Rom\u00e2nia.<\/p>\n<p>Ce spune Ministerul Rom\u00e2n de Externe<\/p>\n<p>\u201eMinisterul Afacerilor Externe informeaz\u0103 c\u0103 \u00een cursul dimine\u021bii de 25 ianuarie Muzeul Na\u021bional de Istorie a Rom\u00e2niei, \u0219i Ministerul Culturii din Rom\u00e2nia au fost notificate c\u0103 la Muzeul din Drents, Regatul \u021a\u0103rilor de Jos, \u00een care are loc expozi\u021bia \u201cDacia! Rijk van goud en zilver\/Dacia! Regatul aurului \u0219i argintului\u201d organizat\u0103 \u00een cooperare cu Muzeul Na\u021bional de Istorie a Rom\u00e2niei a fost afectat de o explozie. Ambasada Rom\u00e2niei la Haga a fost la r\u00e2ndul ei notificat\u0103 de MAE olandez. Din primele evalu\u0103ri aceast\u0103 explozie a avut ca scop intrarea prin efrac\u021bie \u00een cl\u0103direa muzeului unde sunt expuse piese din tezaurul dacic al Rom\u00e2niei. Autorit\u0103\u021bile au informat c\u0103 un num\u0103r de exponate din expozi\u021bie au fost furate de f\u0103ptuitori \u00eenc\u0103 neidentifica\u021bi. Investiga\u021bia \u0219i inventarul pieselor sunt \u00een desf\u0103\u0219urare.<\/p>\n<p>Ministerul Afacerilor Externe a informat Ministerul de Interne \u00a0al Rom\u00e2niei \u0219i Inspectoratul General al Poli\u021biei Rom\u00e2ne totodat\u0103 fiind alertate ambasadele Rom\u00e2niei \u00een toate \u021b\u0103rile vecine pentru a cere sprijin autorit\u0103\u021bilor competente.<\/p>\n<p>Ministrul afacerilor externe Emil Hurezeanu a avut \u00een cursul dimine\u021bii o convorbire cu omologul olandez Caspar Veldkamp \u00een care a fost reiterat\u0103 importan\u021ba patrimonial\u0103 \u0219i simbolic\u0103 deosebit\u0103 a pieselor care fac obiectul acestui caz \u0219i emo\u021bia pe care dispari\u021bia lor o genereaz\u0103 \u00een Rom\u00e2nia. Partea olandez\u0103 a oferit asigur\u0103ri privind un angajament clar \u0219i urgent at\u00e2t la nivel opera\u021bional c\u00e2t \u0219i politic \u00een solu\u021bionarea cazului. \u00cengrijorarea este \u00eemp\u0103rt\u0103\u0219it\u0103 \u0219i au fost primite asigur\u0103ri c\u0103 autorit\u0103\u021bile olandeze fac toate diligen\u021bele pentru ca aceste piese s\u0103 fie recuperate. Poli\u021bia olandez\u0103 a activat mecanismul de cooperare transfrontalier\u0103 \u0219i a informat Interpol.\u201d<\/p>\n<p><a href=\"https:\/\/nltimes.nl\/2025\/01\/25\/explosion-reported-near-drents-museum-assen\" target=\"_blank\">SURSA<\/a><\/p>\n<p>\u00a0<\/p>","protected":false},"excerpt":{"rendered":"<p>Explozia s-a produs \u00een jurul orei 3:45 a.m., distrug\u00e2nd mai multe cl\u0103diri dar \u015fi ferestre&hellip;<\/p>\n","protected":false},"author":0,"featured_media":26489,"comment_status":"open","ping_status":"open","sticky":false,"template":"","format":"standard","meta":{"footnotes":""},"categories":[2],"tags":[],"class_list":["post-26494","post","type-post","status-publish","format-standard","has-post-thumbnail","hentry","category-actual"],"_links":{"self":[{"href":"https:\/\/247stiri.ro\/index.php\/wp-json\/wp\/v2\/posts\/26494","targetHints":{"allow":["GET"]}}],"collection":[{"href":"https:\/\/247stiri.ro\/index.php\/wp-json\/wp\/v2\/posts"}],"about":[{"href":"https:\/\/247stiri.ro\/index.php\/wp-json\/wp\/v2\/types\/post"}],"replies":[{"embeddable":true,"href":"https:\/\/247stiri.ro\/index.php\/wp-json\/wp\/v2\/comments?post=26494"}],"version-history":[{"count":0,"href":"https:\/\/247stiri.ro\/index.php\/wp-json\/wp\/v2\/posts\/26494\/revisions"}],"wp:featuredmedia":[{"embeddable":true,"href":"https:\/\/247stiri.ro\/index.php\/wp-json\/wp\/v2\/media\/26489"}],"wp:attachment":[{"href":"https:\/\/247stiri.ro\/index.php\/wp-json\/wp\/v2\/media?parent=26494"}],"wp:term":[{"taxonomy":"category","embeddable":true,"href":"https:\/\/247stiri.ro\/index.php\/wp-json\/wp\/v2\/categories?post=26494"},{"taxonomy":"post_tag","embeddable":true,"href":"https:\/\/247stiri.ro\/index.php\/wp-json\/wp\/v2\/tags?post=26494"}],"curies":[{"name":"wp","href":"https:\/\/api.w.org\/{rel}","templated":true}]}}