{"id":26495,"date":"2025-01-25T12:58:21","date_gmt":"2025-01-25T12:58:21","guid":{"rendered":"https:\/\/247stiri.ro\/index.php\/2025\/01\/25\/ponta-isi-schimba-principiile-politice-dupa-cum-bate-vantul-acum-se-declara-suveranist\/"},"modified":"2025-01-25T12:58:21","modified_gmt":"2025-01-25T12:58:21","slug":"ponta-isi-schimba-principiile-politice-dupa-cum-bate-vantul-acum-se-declara-suveranist","status":"publish","type":"post","link":"https:\/\/247stiri.ro\/index.php\/2025\/01\/25\/ponta-isi-schimba-principiile-politice-dupa-cum-bate-vantul-acum-se-declara-suveranist\/","title":{"rendered":"Ponta \u00ee\u0219i schimb\u0103 principiile politice dup\u0103 cum bate v\u00e2ntul! Acum se declar\u0103 suveranist"},"content":{"rendered":"<p>Deputatul PSD Victor Ponta a afirmat, \u00een leg\u0103tur\u0103 cu o candidatur\u0103 la alegerile preziden\u0163iale, c\u0103 nu este \u201dcandidat de meserie\u201d \u015fi nici nu simte nevoia s\u0103 atrag\u0103 aten\u0163ia deoarece oricum face acest lucru. Ponta a ad\u0103ugat c\u0103, spre deosebire de alte persoane, despre el se \u015ftie absolut tot ce a f\u0103cut nu \u00een ultimii cinci ani, ci \u00een ultimii 25 de ani.<\/p>\n<p>Victor Ponta a fost \u00eentrebat s\u00e2mb\u0103t\u0103, 25 ianuarie, la o emisiune Tv, dac\u0103 este pesedist sau suveranist.<\/p>\n<p>\u201dSunt un suveranist pro-american, pro-european, social-democrat care a luat cele mai liberale m\u0103suri din istoria Rom\u00e2niei din punct de vedere fiscal. Sunt Victor Ponta \u015fi m\u0103 g\u00e2ndeam c\u0103, spre deosebire de ceilal\u0163i candida\u0163i, nu \u015ftiu dac\u0103 e un avantaj sau un dezavantaj, e o realitate, despre mine se \u015ftie absolut tot ce am f\u0103cut \u00een ultimii nu cinci ani, cum era pe vremuri, \u00een ultimii 25 de ani. Nu am lipsit nicio zi practic. Nu am fost \u00een Parlament patru ani, am fost \u00een lumea privat\u0103 \u015fi mi-a prins foarte bine din multe puncte de vedere, dar nici atunci nu am disp\u0103rut. Am fost prezent \u00een dezbaterile politice, m\u0103car \u00een ceea ce m\u0103 prive\u015fte surprize nu prea exist\u0103\u201d, a afirmat Victor Ponta.<\/p>\n<p>El a mai fost \u00eentrebat ce \u015fanse sunt s\u0103 candideze la alegerile preziden\u0163iale.<\/p>\n<p>\u201dEu nu sunt candidat de meserie \u015fi nici nu simt nevoia s\u0103 atrag aten\u0163ia, c\u0103 o atrag oricum. Eu am candidat acum zece ani, m-am gr\u0103bit acum zece ani. M-am gr\u0103bit, e u\u015for s\u0103 dai vina pe altcineva, m-am gr\u0103bit eu, nu eram copt\u201d, a mai declarat Ponta<\/p>","protected":false},"excerpt":{"rendered":"<p>Deputatul PSD Victor Ponta a afirmat, \u00een leg\u0103tur\u0103 cu o candidatur\u0103 la alegerile preziden\u0163iale, c\u0103&hellip;<\/p>\n","protected":false},"author":0,"featured_media":26485,"comment_status":"open","ping_status":"open","sticky":false,"template":"","format":"standard","meta":{"footnotes":""},"categories":[2],"tags":[],"class_list":["post-26495","post","type-post","status-publish","format-standard","has-post-thumbnail","hentry","category-actual"],"_links":{"self":[{"href":"https:\/\/247stiri.ro\/index.php\/wp-json\/wp\/v2\/posts\/26495","targetHints":{"allow":["GET"]}}],"collection":[{"href":"https:\/\/247stiri.ro\/index.php\/wp-json\/wp\/v2\/posts"}],"about":[{"href":"https:\/\/247stiri.ro\/index.php\/wp-json\/wp\/v2\/types\/post"}],"replies":[{"embeddable":true,"href":"https:\/\/247stiri.ro\/index.php\/wp-json\/wp\/v2\/comments?post=26495"}],"version-history":[{"count":0,"href":"https:\/\/247stiri.ro\/index.php\/wp-json\/wp\/v2\/posts\/26495\/revisions"}],"wp:featuredmedia":[{"embeddable":true,"href":"https:\/\/247stiri.ro\/index.php\/wp-json\/wp\/v2\/media\/26485"}],"wp:attachment":[{"href":"https:\/\/247stiri.ro\/index.php\/wp-json\/wp\/v2\/media?parent=26495"}],"wp:term":[{"taxonomy":"category","embeddable":true,"href":"https:\/\/247stiri.ro\/index.php\/wp-json\/wp\/v2\/categories?post=26495"},{"taxonomy":"post_tag","embeddable":true,"href":"https:\/\/247stiri.ro\/index.php\/wp-json\/wp\/v2\/tags?post=26495"}],"curies":[{"name":"wp","href":"https:\/\/api.w.org\/{rel}","templated":true}]}}