{"id":2650,"date":"2024-10-28T21:59:20","date_gmt":"2024-10-28T21:59:20","guid":{"rendered":"https:\/\/247stiri.ro\/index.php\/2024\/10\/28\/decizie-importanta-luata-de-maia-sandu-daca-va-castiga-alegerile-ce-se-intampla-cu-guvernul\/"},"modified":"2024-10-28T21:59:20","modified_gmt":"2024-10-28T21:59:20","slug":"decizie-importanta-luata-de-maia-sandu-daca-va-castiga-alegerile-ce-se-intampla-cu-guvernul","status":"publish","type":"post","link":"https:\/\/247stiri.ro\/index.php\/2024\/10\/28\/decizie-importanta-luata-de-maia-sandu-daca-va-castiga-alegerile-ce-se-intampla-cu-guvernul\/","title":{"rendered":"Decizie importanta luat\u0103 de Maia Sandu, dac\u0103 va c\u00e2\u0219tiga alegerile. Ce se \u00eent\u00e2mpl\u0103 cu Guvernul"},"content":{"rendered":"<p>Sandu a declarat, \u00een cadrul unei dezbateri electorale organizat\u0103 de postul public de televiziune Moldova 1, c\u0103 are \u00een vedere schimbarea unor mini\u015ftri din cabinetul lui Dorin Recean p\u00e2n\u0103 la sf\u00e2r\u015fitul acestui an.<\/p>\n<p>\u00a0<\/p>\n<p>\u201eDa, cred c\u0103 este nevoie s\u0103 facem schimb\u0103ri \u00een echipa de guvernare. Am auzit cet\u0103\u0163enii, am discutat \u00een multe localit\u0103\u0163i, am auzit care sunt preten\u0163iile \u015fi \u00een special pe ce domenii oamenii se a\u015fteapt\u0103 la lucruri f\u0103cute mai bine. Eu cred c\u0103 acest lucru trebuie s\u0103 se \u00eent\u00e2mple p\u00e2n\u0103 la finalul acestui an\u201d, a afirmat Maia Sandu.<\/p>\n<p>\u00a0<\/p>\n<p>Liderul de la Chi\u015fin\u0103u a subliniat, de asemenea, c\u0103 institu\u0163iile de stat &#8222;sunt libere \u015fi ast\u0103zi s\u0103 mearg\u0103 s\u0103 pun\u0103 c\u0103tu\u015fe&#8221; mini\u015ftrilor suspecta\u0163i de fapte de corup\u0163ie.<\/p>\n<p>\u00a0<\/p>\n<p>\u201eDa, am comis mai multe gre\u015feli, chiar dac\u0103 inten\u0163iile au fost bune \u015fi, chiar dac\u0103 au fost multe crize, au fost oameni care s-au descurcat mai bine \u015fi au fost oameni care s-au descurcat mai pu\u0163in bine, din diferite motive. Acolo unde exist\u0103 \u00eentreb\u0103ri de integritate, institu\u0163iile trebuie s\u0103 vin\u0103 \u015fi s\u0103 \u00ee\u015fi spun\u0103 cuv\u00e2ntul. Absolut nu am \u00eengr\u0103dit niciodat\u0103 \u015fi nici nu am \u00eencercat, nu m-am g\u00e2ndit s\u0103 \u00eengr\u0103desc o institu\u0163ie sau alta s\u0103 \u00ee\u015fi fac\u0103 treaba atunci c\u00e2nd vine vorba de integritate \u015fi sunt libere \u015fi ast\u0103zi s\u0103 mearg\u0103 s\u0103 pun\u0103 c\u0103tu\u015fe unuia sau altuia, dac\u0103 exist\u0103 aceste motive\u201d, a ad\u0103ugat Sandu.<\/p>\n<p>\u00a0<\/p>\n<p>Contracandidatul Maiei Sandu \u00een turul al doilea al alegerilor preziden\u0163iale, socialistul Alexandr Stoianoglo, a refuzat s\u0103 participe la dezbaterea de la Moldova 1, de\u015fi conducerea televiziunii publice a Republicii Moldova i-a lansat invita\u0163ia.<\/p>","protected":false},"excerpt":{"rendered":"<p>Sandu a declarat, \u00een cadrul unei dezbateri electorale organizat\u0103 de postul public de televiziune Moldova&hellip;<\/p>\n","protected":false},"author":0,"featured_media":2647,"comment_status":"open","ping_status":"open","sticky":false,"template":"","format":"standard","meta":{"footnotes":""},"categories":[3],"tags":[],"class_list":["post-2650","post","type-post","status-publish","format-standard","has-post-thumbnail","hentry","category-politica"],"_links":{"self":[{"href":"https:\/\/247stiri.ro\/index.php\/wp-json\/wp\/v2\/posts\/2650","targetHints":{"allow":["GET"]}}],"collection":[{"href":"https:\/\/247stiri.ro\/index.php\/wp-json\/wp\/v2\/posts"}],"about":[{"href":"https:\/\/247stiri.ro\/index.php\/wp-json\/wp\/v2\/types\/post"}],"replies":[{"embeddable":true,"href":"https:\/\/247stiri.ro\/index.php\/wp-json\/wp\/v2\/comments?post=2650"}],"version-history":[{"count":0,"href":"https:\/\/247stiri.ro\/index.php\/wp-json\/wp\/v2\/posts\/2650\/revisions"}],"wp:featuredmedia":[{"embeddable":true,"href":"https:\/\/247stiri.ro\/index.php\/wp-json\/wp\/v2\/media\/2647"}],"wp:attachment":[{"href":"https:\/\/247stiri.ro\/index.php\/wp-json\/wp\/v2\/media?parent=2650"}],"wp:term":[{"taxonomy":"category","embeddable":true,"href":"https:\/\/247stiri.ro\/index.php\/wp-json\/wp\/v2\/categories?post=2650"},{"taxonomy":"post_tag","embeddable":true,"href":"https:\/\/247stiri.ro\/index.php\/wp-json\/wp\/v2\/tags?post=2650"}],"curies":[{"name":"wp","href":"https:\/\/api.w.org\/{rel}","templated":true}]}}