{"id":2651,"date":"2024-10-28T21:59:20","date_gmt":"2024-10-28T21:59:20","guid":{"rendered":"https:\/\/247stiri.ro\/index.php\/2024\/10\/28\/nicolae-ciuca-a-semnat-ca-sub-conducerea-sa-pnl-nu-va-mai-intra-la-guvernare-cu-psd-cine-este-al-treilea-meditator-al-lui-ciolacu\/"},"modified":"2024-10-28T21:59:20","modified_gmt":"2024-10-28T21:59:20","slug":"nicolae-ciuca-a-semnat-ca-sub-conducerea-sa-pnl-nu-va-mai-intra-la-guvernare-cu-psd-cine-este-al-treilea-meditator-al-lui-ciolacu","status":"publish","type":"post","link":"https:\/\/247stiri.ro\/index.php\/2024\/10\/28\/nicolae-ciuca-a-semnat-ca-sub-conducerea-sa-pnl-nu-va-mai-intra-la-guvernare-cu-psd-cine-este-al-treilea-meditator-al-lui-ciolacu\/","title":{"rendered":"Nicolae Ciuc\u0103 a semnat c\u0103 sub conducerea sa PNL nu va mai intra la guvernare cu PSD. Cine este al treilea meditator al lui Ciolacu"},"content":{"rendered":"<p>Nicolae Ciuc\u0103 a semnat \u00een direct \u00een timpul dezbaterii organizate la un post TV c\u0103 PNL, sub conducerea sa, nu va fi la guvernare cu PSD.<\/p>\n<p>\u201eNu vom mai fi la guvernare cu PSD \u0219i dac\u0103 vre\u021bi, acum v\u0103 semnez \u00een scris c\u0103 sub conducerea mea PNL nu va mai intra la guvernare cu PSD. Nu este s\u0103n\u0103tos pentru democra\u021bie\u201d, a declarat Nicolae Ciuc\u0103.<\/p>\n<p>\u00centrebat c\u00e2nd scap\u0103 Rom\u00e2nia de PSD, acesta a r\u0103spuns: \u201ePrima dat\u0103 se \u00eent\u00e2mpl\u0103 pe 24 noiembrie, iar a doua oar\u0103 se definitiveaz\u0103 totul pe 8 decembrie\u201d.<\/p>\n<p>\u201ePlanul Hrebenciuc\u201d \u0219i medita\u021biile politice ale premierului Ciolacu<\/p>\n<p>Nicolae Ciuc\u0103 l-a ironizat pe Marcel Ciolacu, afirm\u00e2nd c\u0103 pe l\u00e2ng\u0103 meditatorii de limba englez\u0103 \u0219i economie, recunoscu\u021bi public, Ciolacu ar avea un \u201emeditator politic\u201d \u00een persoana lui Viorel Hrebenciuc. Ciuc\u0103 sugereaz\u0103 c\u0103 strategia elaborat\u0103 de Hrebenciuc ar presupune eliminarea contracandida\u021bilor incomozi pentru PSD, prin sus\u021binerea indirect\u0103 a AUR.<\/p>\n<p>Nicolae Ciuc\u0103 acuz\u0103 faptul c\u0103 anumite segmente din PSD ar sus\u021bine, \u00een secret, candida\u021bii AUR, \u00een scopul de a-i aduce pe ace\u0219tia mai aproape de pozi\u021biile-cheie din cadrul competi\u021biei electorale. Conform lui Ciuc\u0103, Viorel Hrebenciuc ar fi contribuit la realizarea unui \u201eplan\u201d care implic\u0103 transferul de voturi \u00eentre PSD \u0219i AUR, suger\u00e2nd c\u0103 unii membri ai PSD ar figura chiar pe listele AUR, o tactic\u0103 menit\u0103 s\u0103 mascheze alian\u021bele informale \u0219i s\u0103 mobilizeze voturile \u00een favoarea forma\u021biunii lui Simion.<\/p>\n<p><a href=\"https:\/\/www.news.ro\/social\/nicolae-ciuca-a-venit-la-dezbaterea-electorala-cu-doua-carti-de-capatai-biblia-si-constitutia-1922401528002024102121817491\" target=\"_blank\" rel=\"noopener\">Nicolae Ciuc\u0103, \u00eentrebat de Marcel Ciolacu dac\u0103 a fost membru al PCR: \u201eNu am fost niciodat\u0103 comunist\u201d<\/a><\/p>","protected":false},"excerpt":{"rendered":"<p>Nicolae Ciuc\u0103 a semnat \u00een direct \u00een timpul dezbaterii organizate la un post TV c\u0103&hellip;<\/p>\n","protected":false},"author":0,"featured_media":2649,"comment_status":"open","ping_status":"open","sticky":false,"template":"","format":"standard","meta":{"footnotes":""},"categories":[2],"tags":[],"class_list":["post-2651","post","type-post","status-publish","format-standard","has-post-thumbnail","hentry","category-actual"],"_links":{"self":[{"href":"https:\/\/247stiri.ro\/index.php\/wp-json\/wp\/v2\/posts\/2651","targetHints":{"allow":["GET"]}}],"collection":[{"href":"https:\/\/247stiri.ro\/index.php\/wp-json\/wp\/v2\/posts"}],"about":[{"href":"https:\/\/247stiri.ro\/index.php\/wp-json\/wp\/v2\/types\/post"}],"replies":[{"embeddable":true,"href":"https:\/\/247stiri.ro\/index.php\/wp-json\/wp\/v2\/comments?post=2651"}],"version-history":[{"count":0,"href":"https:\/\/247stiri.ro\/index.php\/wp-json\/wp\/v2\/posts\/2651\/revisions"}],"wp:featuredmedia":[{"embeddable":true,"href":"https:\/\/247stiri.ro\/index.php\/wp-json\/wp\/v2\/media\/2649"}],"wp:attachment":[{"href":"https:\/\/247stiri.ro\/index.php\/wp-json\/wp\/v2\/media?parent=2651"}],"wp:term":[{"taxonomy":"category","embeddable":true,"href":"https:\/\/247stiri.ro\/index.php\/wp-json\/wp\/v2\/categories?post=2651"},{"taxonomy":"post_tag","embeddable":true,"href":"https:\/\/247stiri.ro\/index.php\/wp-json\/wp\/v2\/tags?post=2651"}],"curies":[{"name":"wp","href":"https:\/\/api.w.org\/{rel}","templated":true}]}}