{"id":26510,"date":"2025-01-25T14:48:58","date_gmt":"2025-01-25T14:48:58","guid":{"rendered":"https:\/\/247stiri.ro\/index.php\/2025\/01\/25\/burduja-obiectivul-nostru-este-de-a-proteja-romanii-si-companiile-romanesti-prin-preturi-cat-mai-mici-la-facturi\/"},"modified":"2025-01-25T14:48:58","modified_gmt":"2025-01-25T14:48:58","slug":"burduja-obiectivul-nostru-este-de-a-proteja-romanii-si-companiile-romanesti-prin-preturi-cat-mai-mici-la-facturi","status":"publish","type":"post","link":"https:\/\/247stiri.ro\/index.php\/2025\/01\/25\/burduja-obiectivul-nostru-este-de-a-proteja-romanii-si-companiile-romanesti-prin-preturi-cat-mai-mici-la-facturi\/","title":{"rendered":"Burduja: Obiectivul nostru este de a proteja rom\u00e2nii \u015fi companiile rom\u00e2ne\u015fti prin pre\u0163uri c\u00e2t mai mici la facturi"},"content":{"rendered":"<p>\u201e\u015eti\u0163i minciuna extremi\u015ftilor cum c\u0103 Rom\u00e2nia pl\u0103te\u015fte cel mai scump curent \u015fi gaz din Europa? \u015ei c\u0103, vezi Doamne, ce bine ar fi fost s\u0103 apel\u0103m \u015fi noi la gazul ieftin rusesc?! Ei bine, au sosit noile date Eurostat \u015fi confirm\u0103 un adev\u0103r valabil \u00eenc\u0103 de c\u00e2nd am preluat ministerul energiei: rom\u00e2nii pl\u0103tesc al patrulea cel mai ieftin gaz \u015fi al cincilea cea mai ieftin\u0103 energie electric\u0103 dintre toate statele membre ale Uniunii Europene!<\/p>\n<p>Decizia de plafonare a pre\u0163urilor la energie a permis men\u0163inerea costurilor sub control pentru milioane de rom\u00e2ni. A fost o decizie bun\u0103. F\u0103r\u0103 aceast\u0103 interven\u0163ie, impactul asupra gospod\u0103riilor ar fi fost mult mai greu de suportat. \u00cen continuare, obiectivul nostru este de a proteja rom\u00e2nii \u015fi companiile rom\u00e2ne\u015fti prin pre\u0163uri c\u00e2t mai mici la facturi. Totodat\u0103, facem ceea ce trebuie pentru ca, \u00een viitorul c\u00e2t mai apropiat, pre\u0163urile la energie s\u0103 depind\u0103 exclusiv de noi. Acesta este adev\u0103ratul suveranism energetic: cre\u015fterea \u015fi diversificarea capacit\u0103\u0163ilor de produc\u0163ie aici, acas\u0103, \u00een Rom\u00e2nia. Prin noi \u00een\u015fine, nu dependen\u0163i de al\u0163ii!\u201d, a scris s\u00e2mb\u0103t\u0103 pe Facebook, Sebastian Burduja.<\/p>\n<p>\u00cen opinia sa, \u00een ultimele decenii (2009-2022), Rom\u00e2nia a \u00eenchis capacit\u0103\u0163i de produc\u0163ie de peste 7.000 MW, echivalentul a zece reactoare nucleare de la Cernavod\u0103. \u201eTrebuie s\u0103 \u00een\u0163elegem cu to\u0163ii amploarea pierderilor pentru sistemul energetic na\u0163ional \u015fi eforturile pe care noi le depunem de mai bine de un an \u015fi jum\u0103tate pentru a recupera terenul\u201d, a subliniat ministrul.<\/p>\n<p>Potrivit sursei citate, anul trecut au fost puse \u00een func\u0163iune capacit\u0103\u0163i de peste 1.200 MW, \u201erecord pentru ultimul deceniu \u00een Rom\u00e2nia\u201d, iar \u00een 2023 s-a atins 619 MW. Astfel, \u00een ultimii doi ani s-a conectat la sistemul energetic na\u0163ional o capacitate total\u0103 mai mare dec\u00e2t \u00een toat\u0103 perioada 2014-2022.<\/p>\n<p>\u201eCe \u00eenseamn\u0103 fiecare MW nou intrat \u00een sistem? \u015eansa rom\u00e2nilor \u015fi companiilor rom\u00e2ne\u015fti s\u0103 aib\u0103 facturi mai mici. Deci un trai mai bun \u015fi mai mult\u0103 dezvoltare, locuri de munc\u0103 \u015fi competitivitate pentru economia rom\u00e2neasc\u0103. Avem \u00een derulare investi\u0163ii de 14 miliarde de euro, bani nerambursabili, iar obiectivul ambi\u0163ios pentru acest an este de a pune \u00een func\u0163iune capacit\u0103\u0163i de produc\u0163ie de 2400 MW, dublu fa\u0163\u0103 de anul trecut! Dac\u0103 totul merge bine, vom stabili un nou record dup\u0103 2012 (3.476 MW), cel mai bun an de dup\u0103 1989. Avem \u00een lucru \u00een stadiu avansat proiecte precum Iernut, Mintia, R\u0103stoli\u0163a, dar \u015fi noi ini\u0163iative pe zonele de energie eolian\u0103, solar\u0103 \u015fi solu\u0163ii de stocare. V\u0103 voi \u0163ine la curent cu toate aceste evolu\u0163ii\u201d, a ad\u0103ugat \u015feful de la Energie.<\/p>\n<p>Burduja a mai scris pe re\u0163eaua de socializare c\u0103 aceste investi\u0163ii reprezint\u0103 nu doar un r\u0103spuns la nevoile imediate ale \u0163\u0103rii noastre, ci \u015fi un semnal clar privind determinarea de ne consolida pozi\u0163ia de lider \u00een domeniul energiei, \u201easigur\u00e2ndu-ne securitatea \u015fi independen\u0163a energetic\u0103, dar mai ales pre\u0163uri mai mici pentru Rom\u00e2nia \u015fi pentru Europa\u201d.\u00a0<\/p>","protected":false},"excerpt":{"rendered":"<p>\u201e\u015eti\u0163i minciuna extremi\u015ftilor cum c\u0103 Rom\u00e2nia pl\u0103te\u015fte cel mai scump curent \u015fi gaz din Europa?&hellip;<\/p>\n","protected":false},"author":0,"featured_media":26511,"comment_status":"open","ping_status":"open","sticky":false,"template":"","format":"standard","meta":{"footnotes":""},"categories":[2],"tags":[],"class_list":["post-26510","post","type-post","status-publish","format-standard","has-post-thumbnail","hentry","category-actual"],"_links":{"self":[{"href":"https:\/\/247stiri.ro\/index.php\/wp-json\/wp\/v2\/posts\/26510","targetHints":{"allow":["GET"]}}],"collection":[{"href":"https:\/\/247stiri.ro\/index.php\/wp-json\/wp\/v2\/posts"}],"about":[{"href":"https:\/\/247stiri.ro\/index.php\/wp-json\/wp\/v2\/types\/post"}],"replies":[{"embeddable":true,"href":"https:\/\/247stiri.ro\/index.php\/wp-json\/wp\/v2\/comments?post=26510"}],"version-history":[{"count":0,"href":"https:\/\/247stiri.ro\/index.php\/wp-json\/wp\/v2\/posts\/26510\/revisions"}],"wp:featuredmedia":[{"embeddable":true,"href":"https:\/\/247stiri.ro\/index.php\/wp-json\/wp\/v2\/media\/26511"}],"wp:attachment":[{"href":"https:\/\/247stiri.ro\/index.php\/wp-json\/wp\/v2\/media?parent=26510"}],"wp:term":[{"taxonomy":"category","embeddable":true,"href":"https:\/\/247stiri.ro\/index.php\/wp-json\/wp\/v2\/categories?post=26510"},{"taxonomy":"post_tag","embeddable":true,"href":"https:\/\/247stiri.ro\/index.php\/wp-json\/wp\/v2\/tags?post=26510"}],"curies":[{"name":"wp","href":"https:\/\/api.w.org\/{rel}","templated":true}]}}