{"id":26517,"date":"2025-01-25T15:51:13","date_gmt":"2025-01-25T15:51:13","guid":{"rendered":"https:\/\/247stiri.ro\/index.php\/2025\/01\/25\/george-simion-oameni-buni-nu-candidez-il-sustinem-pe-georgescu\/"},"modified":"2025-01-25T15:51:13","modified_gmt":"2025-01-25T15:51:13","slug":"george-simion-oameni-buni-nu-candidez-il-sustinem-pe-georgescu","status":"publish","type":"post","link":"https:\/\/247stiri.ro\/index.php\/2025\/01\/25\/george-simion-oameni-buni-nu-candidez-il-sustinem-pe-georgescu\/","title":{"rendered":"George Simion: \u201eOameni buni, nu candidez! \u00cel sus\u021binem pe Georgescu!\u201d"},"content":{"rendered":"<p>George Simion taxeaz\u0103 intoxic\u0103rile propagandi\u0219tilor<\/p>\n<p>\u201eOameni buni, \u00eel sus\u021binem pe C\u0103lin Georgescu p\u00e2n\u0103 la cap\u0103t pentru c\u0103 asta a fost voin\u021ba rom\u00e2nilor la vot. Punct. Eu nu voi candida! Nu fac ca Drago\u0219 Spr\u00eencean\u0103. Nu candidez!\u201d, <a href=\"https:\/\/www.realitatea.net\/stiri\/actual\/george-simion-presedintele-aur-tezaurul-dacic-furat-din-olanda-o-noua-dovada-a-indolentei-autoritatilor-romane_6794f9f53a77082156598557\" target=\"_blank\">a zis liderul AUR.<\/a><\/p>\n<p>\u201eS-a spus c\u0103 sunt \u0219orosist, c\u0103 \u00eel sus\u021bin pe Nicu\u0219or Dan, dup\u0103 c\u0103 \u00eel sus\u021binem pe Tudorel Toader, minciuni, minciuni. Au scos ni\u0219te declara\u021bii vechi ale domnului C\u0103lin Georgescu din campania electoral\u0103 \u0219i au prezentat ca fiind noi. Au spus c\u0103 ne dezicem noi de organizarea protestului sau de sus\u021binerea domnului C\u0103lin Georgescu. Aceste lucruri sunt false.<\/p>\n<p>Noi trebuie s\u0103 revenim la alegerea pre\u0219edintelui \u00eencep\u00e2nd cu turul 2 \u0219i s\u0103 avem o competi\u021bie corect\u0103 \u00eentre C\u0103lin Georgescu \u0219i Lasconi.<\/p>\n<p>Noua strategie pentru 2025 este, din ce \u0219tiu eu, ca Ponta s\u0103 ias\u0103 \u00een fa\u021b\u0103 ca \u0219i candidat suveranist.<\/p>\n<p>PSD are ni\u0219te televiziuni de cas\u0103, A3 \u0219i RTV, \u0219i astea sunt noile ordine primite din partea PSD.<\/p>\n<p>Domnul C\u0103lin Georgescu fiind atacat de anumi\u021bi moderatori \u00eentr-o or\u0103 de maxim\u0103 audien\u021b\u0103 la domnul G\u00e2dea a considerat de cuviin\u021b\u0103 s\u0103 ias\u0103 din jocul \u0103sta p\u0103rtinic \u0219i a fost un candidat independent \u0219i nu a mai fost un pre\u0219edinte de onoare al AUR. Asta nu \u00eenseamn\u0103 c\u0103 rela\u021biile noastre nu au continuat s\u0103 fie.<\/p>\n<p>Eu sunt un om de onoare \u0219i am totodat\u0103, chiar dac\u0103 am 38 de ani, am dob\u00e2ndit o experien\u021b\u0103 public\u0103, am ni\u0219te opinii de la care nu m-am ab\u0103tut.\u201d, <a href=\"https:\/\/www.realitatea.net\/stiri\/actual\/george-simion-liderul-suveranistilor-romani-la-marsul-unirii-de-la-focsani-nu-ne-dezicem-de-calin-georgescu_6793b8007b07c85b70167142\" target=\"_blank\">a declarat George Simion.<\/a><\/p>","protected":false},"excerpt":{"rendered":"<p>George Simion taxeaz\u0103 intoxic\u0103rile propagandi\u0219tilor \u201eOameni buni, \u00eel sus\u021binem pe C\u0103lin Georgescu p\u00e2n\u0103 la cap\u0103t&hellip;<\/p>\n","protected":false},"author":0,"featured_media":26518,"comment_status":"open","ping_status":"open","sticky":false,"template":"","format":"standard","meta":{"footnotes":""},"categories":[3],"tags":[],"class_list":["post-26517","post","type-post","status-publish","format-standard","has-post-thumbnail","hentry","category-politica"],"_links":{"self":[{"href":"https:\/\/247stiri.ro\/index.php\/wp-json\/wp\/v2\/posts\/26517","targetHints":{"allow":["GET"]}}],"collection":[{"href":"https:\/\/247stiri.ro\/index.php\/wp-json\/wp\/v2\/posts"}],"about":[{"href":"https:\/\/247stiri.ro\/index.php\/wp-json\/wp\/v2\/types\/post"}],"replies":[{"embeddable":true,"href":"https:\/\/247stiri.ro\/index.php\/wp-json\/wp\/v2\/comments?post=26517"}],"version-history":[{"count":0,"href":"https:\/\/247stiri.ro\/index.php\/wp-json\/wp\/v2\/posts\/26517\/revisions"}],"wp:featuredmedia":[{"embeddable":true,"href":"https:\/\/247stiri.ro\/index.php\/wp-json\/wp\/v2\/media\/26518"}],"wp:attachment":[{"href":"https:\/\/247stiri.ro\/index.php\/wp-json\/wp\/v2\/media?parent=26517"}],"wp:term":[{"taxonomy":"category","embeddable":true,"href":"https:\/\/247stiri.ro\/index.php\/wp-json\/wp\/v2\/categories?post=26517"},{"taxonomy":"post_tag","embeddable":true,"href":"https:\/\/247stiri.ro\/index.php\/wp-json\/wp\/v2\/tags?post=26517"}],"curies":[{"name":"wp","href":"https:\/\/api.w.org\/{rel}","templated":true}]}}