{"id":26519,"date":"2025-01-25T15:51:14","date_gmt":"2025-01-25T15:51:14","guid":{"rendered":"https:\/\/247stiri.ro\/index.php\/2025\/01\/25\/calin-georgescu-stiu-sigur-ca-voi-castiga-in-orice-scenariu-chiar-daca-nu-se-reiau-alegerile\/"},"modified":"2025-01-25T15:51:14","modified_gmt":"2025-01-25T15:51:14","slug":"calin-georgescu-stiu-sigur-ca-voi-castiga-in-orice-scenariu-chiar-daca-nu-se-reiau-alegerile","status":"publish","type":"post","link":"https:\/\/247stiri.ro\/index.php\/2025\/01\/25\/calin-georgescu-stiu-sigur-ca-voi-castiga-in-orice-scenariu-chiar-daca-nu-se-reiau-alegerile\/","title":{"rendered":"C\u0103lin Georgescu: \u201e\u0218tiu sigur c\u0103 voi c\u00e2\u0219tiga \u00een orice scenariu! Chiar dac\u0103 nu se reiau alegerile!\u201d"},"content":{"rendered":"<p><a href=\"https:\/\/www.realitatea.net\/stiri\/politica\/calin-georgescu-vrea-schimbari-majore-pentru-romania-fara-predictibilitate-nu-poti-sa-ai-niciun-investitor_6794f7662d39e11a81733fa7\" target=\"_blank\">Pre\u0219edintele ales<\/a> este de p\u0103rere c\u0103 va ajunge la Cotroceni chiar dac\u0103 turul 2 nu se va relua \u0219i se vor organiza alegerile de la zero.\u00a0<\/p>\n<p>Un mesaj foarte important \u0219i decisiv pentru Rom\u00e2nia va veni chiar din partea Statelor Unite, acum c\u0103 Donald Trump a fost repus \u00een func\u021bie la Casa Alb\u0103, a mai transmis pre\u0219edintele ales, C\u0103lin Georgescu.\u00a0<\/p>\n<p>C\u0103lin Georgescu: \u201eVoi fi l\u0103sat s\u0103 candidez, nu am f\u0103cut nimic ilegal!\u201d<\/p>\n<p>\u201eEu \u0219tiu sigur c\u0103 voi c\u00e2\u0219tiga 100% \u00een orice scenariu, dac\u0103 turul doi se reia, la fel, dac\u0103 este poten\u021bial turul 1 si turul 2, la fel, deci nu am nicio problem\u0103 \u00een acest sens. Am f\u0103cut \u0219i eu ni\u0219te sondaje la r\u00e2ndul meu, mai ales c\u0103 foarte cur\u00e2nd va urma un mesaj foarte categoric, f\u0103r\u0103 replic\u0103, din partea Americii.\u201d, <a href=\"https:\/\/www.realitatea.net\/stiri\/actual\/calin-georgescu-presedintele-ales-de-ziua-unirii-principatelor-e-momentul-sa-nu-mai-dansam-dupa-cum-spun-altii-video_679470ca50e3f1755038f142\" target=\"_blank\">a anun\u021bat C\u0103lin Georgescu.<\/a><\/p>","protected":false},"excerpt":{"rendered":"<p>Pre\u0219edintele ales este de p\u0103rere c\u0103 va ajunge la Cotroceni chiar dac\u0103 turul 2 nu&hellip;<\/p>\n","protected":false},"author":0,"featured_media":26520,"comment_status":"open","ping_status":"open","sticky":false,"template":"","format":"standard","meta":{"footnotes":""},"categories":[3],"tags":[],"class_list":["post-26519","post","type-post","status-publish","format-standard","has-post-thumbnail","hentry","category-politica"],"_links":{"self":[{"href":"https:\/\/247stiri.ro\/index.php\/wp-json\/wp\/v2\/posts\/26519","targetHints":{"allow":["GET"]}}],"collection":[{"href":"https:\/\/247stiri.ro\/index.php\/wp-json\/wp\/v2\/posts"}],"about":[{"href":"https:\/\/247stiri.ro\/index.php\/wp-json\/wp\/v2\/types\/post"}],"replies":[{"embeddable":true,"href":"https:\/\/247stiri.ro\/index.php\/wp-json\/wp\/v2\/comments?post=26519"}],"version-history":[{"count":0,"href":"https:\/\/247stiri.ro\/index.php\/wp-json\/wp\/v2\/posts\/26519\/revisions"}],"wp:featuredmedia":[{"embeddable":true,"href":"https:\/\/247stiri.ro\/index.php\/wp-json\/wp\/v2\/media\/26520"}],"wp:attachment":[{"href":"https:\/\/247stiri.ro\/index.php\/wp-json\/wp\/v2\/media?parent=26519"}],"wp:term":[{"taxonomy":"category","embeddable":true,"href":"https:\/\/247stiri.ro\/index.php\/wp-json\/wp\/v2\/categories?post=26519"},{"taxonomy":"post_tag","embeddable":true,"href":"https:\/\/247stiri.ro\/index.php\/wp-json\/wp\/v2\/tags?post=26519"}],"curies":[{"name":"wp","href":"https:\/\/api.w.org\/{rel}","templated":true}]}}