{"id":26525,"date":"2025-01-25T15:51:16","date_gmt":"2025-01-25T15:51:16","guid":{"rendered":"https:\/\/247stiri.ro\/index.php\/2025\/01\/25\/george-simion-presedintele-aur-tezaurul-dacic-furat-din-olanda-o-noua-dovada-a-indolentei-autoritatilor-romane\/"},"modified":"2025-01-25T15:51:16","modified_gmt":"2025-01-25T15:51:16","slug":"george-simion-presedintele-aur-tezaurul-dacic-furat-din-olanda-o-noua-dovada-a-indolentei-autoritatilor-romane","status":"publish","type":"post","link":"https:\/\/247stiri.ro\/index.php\/2025\/01\/25\/george-simion-presedintele-aur-tezaurul-dacic-furat-din-olanda-o-noua-dovada-a-indolentei-autoritatilor-romane\/","title":{"rendered":"George Simion, pre\u0219edintele AUR: Tezaurul Dacic furat din Olanda \u2013 o nou\u0103 dovad\u0103 a indolen\u021bei autorit\u0103\u021bilor rom\u00e2ne!"},"content":{"rendered":"<p>\u201eMinisterul Afacerilor Externe, sub conducerea lui Emil Hurezeanu, a reac\u021bionat lamentabil, f\u0103r\u0103 vreo asumare clar\u0103 \u0219i f\u0103r\u0103 nicio strategie real\u0103 pentru recuperarea obiectelor furate. \u00cen acest context, solicit\u0103m demisia de urgen\u021b\u0103 a ambasadorului Rom\u00e2niei la Haga \u0219i a \u00eentregii conduceri MAE pentru e\u0219ecul lor total \u00een gestionarea acestei crize.<\/p>\n<p>\u00cen timp ce Olanda critic\u0103 Rom\u00e2nia pentru lipsa siguran\u021bei la grani\u021be \u2013 motivul pentru care am \u0219i fost \u021binu\u021bi la marginea Schengen-ului ani la r\u00e2nd \u2013 , vedem acum cum o \u021bar\u0103 considerat\u0103 un a\u0219a-zis exemplu de securitate nu a fost capabil\u0103 s\u0103 asigure protec\u021bia unor exponate de o valoare inestimabil\u0103. Dac\u0103 nici m\u0103car un muzeu prestigios din vestul Europei nu poate asigura securitatea comorilor noastre, atunci cine ar trebui s\u0103 o fac\u0103?<\/p>\n<p>Aceast\u0103 situa\u021bie ar trebui s\u0103 fie un semnal de alarm\u0103 pentru autorit\u0103\u021bile noastre, care ani la r\u00e2nd au ignorat investi\u021biile \u00een cultur\u0103 \u0219i patrimoniu. Muzeul Na\u021bional de Istorie din Bucure\u0219ti st\u0103 de peste 20 ani \u00eenchis pentru repara\u021bii interminabile, \u00een timp ce relicve de o importan\u021b\u0103 crucial\u0103 pentru poporul nostru sunt plimbate prin lume, f\u0103r\u0103 m\u0103suri adecvate de protec\u021bie.<\/p>\n<p>Nu este prima oar\u0103 c\u00e2nd Rom\u00e2nia \u00ee\u0219i pierde patrimoniul din cauza incompeten\u021bei clasei politice. Mo\u0219tenirea Gojdu a fost cedat\u0103 pe tav\u0103 Ungariei, iar autorit\u0103\u021bile noastre au stat neputincioase, incapabile s\u0103 apere testamentul marelui filantrop rom\u00e2n. Acum, ne confrunt\u0103m cu o nou\u0103 lovitur\u0103 asupra identit\u0103\u021bii na\u021bionale, iar politicienii din fruntea \u021b\u0103rii sunt mai preocupa\u021bi de propriile interese dec\u00e2t de protejarea valorilor istorice ale Rom\u00e2niei.<\/p>\n<p>Este timpul ca guvernan\u021bii s\u0103 se trezeasc\u0103 din somnul cel de moarte \u0219i s\u0103 \u00eenceap\u0103 s\u0103 lucreze pentru protejarea istoriei noastre, nu doar pentru a servi interesele str\u0103ine. AUR va continua s\u0103 lupte pentru ca patrimoniul cultural al Rom\u00e2niei s\u0103 fie protejat \u0219i respectat a\u0219a cum se cuvine, iar aceast\u0103 ru\u0219ine interna\u021bional\u0103 s\u0103 nu se mai repete niciodat\u0103.Cultura \u0219i istoria noastr\u0103 trebuie ap\u0103rate cu fermitate, iar cei responsabili pentru aceast\u0103 pierdere trebuie s\u0103 r\u0103spund\u0103! Rom\u00e2nia are nevoie de conduc\u0103tori patrio\u021bi, nu de slugi care se ascund \u00een momente critice!\u201d, a declarat George Simion.<\/p>\n<p>Printre cele mai importante piese prezentate \u00een cadrul expozi\u021biei se reg\u0103sesc:* tezaurele de aur din epoca bronzului \u0219i prima epoc\u0103 a fierului de la Per\u0219inari, S\u0103cuieni, Ostrovul Mare, R\u0103c\u0103t\u0103u, S\u0103rm\u0103\u0219ag, Saco\u0219ul Mare* coiful de la Co\u021bofene\u0219ti* diadema de la Bune\u0219ti-Avere\u0219ti* piese din tezaurele de la Agighiol, Peretu, Cucuteni-B\u0103iceni, St\u00e2nce\u0219ti* br\u0103\u021b\u0103rile dacice din Sarmizegetusa Regia* tezaurele de argint\u0103rie geto-dacic\u0103 de la Epureni, S\u00e2ncr\u0103ieni, Lupu, S\u00e2ngeru de P\u0103dure, Solone\u021bu Nou, Bucure\u0219ti-Her\u0103str\u0103u, Senereu\u0219 \u0219i Poiana Gorj<\/p>","protected":false},"excerpt":{"rendered":"<p>\u201eMinisterul Afacerilor Externe, sub conducerea lui Emil Hurezeanu, a reac\u021bionat lamentabil, f\u0103r\u0103 vreo asumare clar\u0103&hellip;<\/p>\n","protected":false},"author":0,"featured_media":26526,"comment_status":"open","ping_status":"open","sticky":false,"template":"","format":"standard","meta":{"footnotes":""},"categories":[2],"tags":[],"class_list":["post-26525","post","type-post","status-publish","format-standard","has-post-thumbnail","hentry","category-actual"],"_links":{"self":[{"href":"https:\/\/247stiri.ro\/index.php\/wp-json\/wp\/v2\/posts\/26525","targetHints":{"allow":["GET"]}}],"collection":[{"href":"https:\/\/247stiri.ro\/index.php\/wp-json\/wp\/v2\/posts"}],"about":[{"href":"https:\/\/247stiri.ro\/index.php\/wp-json\/wp\/v2\/types\/post"}],"replies":[{"embeddable":true,"href":"https:\/\/247stiri.ro\/index.php\/wp-json\/wp\/v2\/comments?post=26525"}],"version-history":[{"count":0,"href":"https:\/\/247stiri.ro\/index.php\/wp-json\/wp\/v2\/posts\/26525\/revisions"}],"wp:featuredmedia":[{"embeddable":true,"href":"https:\/\/247stiri.ro\/index.php\/wp-json\/wp\/v2\/media\/26526"}],"wp:attachment":[{"href":"https:\/\/247stiri.ro\/index.php\/wp-json\/wp\/v2\/media?parent=26525"}],"wp:term":[{"taxonomy":"category","embeddable":true,"href":"https:\/\/247stiri.ro\/index.php\/wp-json\/wp\/v2\/categories?post=26525"},{"taxonomy":"post_tag","embeddable":true,"href":"https:\/\/247stiri.ro\/index.php\/wp-json\/wp\/v2\/tags?post=26525"}],"curies":[{"name":"wp","href":"https:\/\/api.w.org\/{rel}","templated":true}]}}