{"id":26529,"date":"2025-01-25T15:51:17","date_gmt":"2025-01-25T15:51:17","guid":{"rendered":"https:\/\/247stiri.ro\/index.php\/2025\/01\/25\/mircea-fechet-ministrul-mediului-analizam-cresterea-valorii-ecotichetului-la-autoturismele-electrice-in-cadrul-programului-rabla\/"},"modified":"2025-01-25T15:51:17","modified_gmt":"2025-01-25T15:51:17","slug":"mircea-fechet-ministrul-mediului-analizam-cresterea-valorii-ecotichetului-la-autoturismele-electrice-in-cadrul-programului-rabla","status":"publish","type":"post","link":"https:\/\/247stiri.ro\/index.php\/2025\/01\/25\/mircea-fechet-ministrul-mediului-analizam-cresterea-valorii-ecotichetului-la-autoturismele-electrice-in-cadrul-programului-rabla\/","title":{"rendered":"Mircea Fechet, ministrul Mediului: Analiz\u0103m cre\u015fterea valorii ecotichetului la autoturismele electrice \u00een cadrul programului Rabla"},"content":{"rendered":"<p>Mircea Fechet a fost \u00eentrebat, s\u00e2mb\u0103t\u0103, la un post de televiziune, dac\u0103 programul Rabla va continua, \u00een ce condi\u0163ii \u015fi care va fi valoarea tichetului.\u00a0\u201dPrimim multe \u00eentreb\u0103ri, inclusiv de la dealeri pentru c\u0103 nu prea v\u00e2nd, oamenii a\u015ftept\u00e2nd deschiderea programului, ne propunem s\u0103 fim la fel de ambi\u0163io\u015fi ca \u00een anii trecu\u0163i. Asta \u00eenseamn\u0103 c\u0103 dac\u0103 anul trecut am avut un miliard trei sute valoare total\u0103 a programului, ne dorim anul acesta s\u0103 cre\u015ftem aceast\u0103 valoare. O alt\u0103 problem\u0103 a fost legat\u0103 de valoarea ecotichetului la autoturismele electrice. Ea a sc\u0103zut brusc de la 10.000 la 5.000 de euro aproximativ, ori cred c\u0103 acest lucru a dat pu\u0163in peste cap \u015fi industria \u015fi importatorii \u015fi acum suntem \u00eentr-un prim proces de dezbatere legat\u0103 de posibilitatea cre\u015fterii valorii acestui ecotichet.\u00a0C\u0103 va fi la 6.000, la 7.000 sau mai mult mi-e greu s\u0103 spun acum, \u00eens\u0103 ne propunem s\u0103 cre\u015ftem valoarea ecotichetului dac\u0103 vom g\u0103si \u015fi suport politic \u00een Guvern. Asta este o decizie pe care o voi lua \u00eempreun\u0103 cu ministrul Finan\u0163elor Publice \u015fi cu primul ministru\u201d, a explicat ministrul Mediului.\u00a0El a precizat c\u0103 trebuie \u0163inut cont \u015fi o alt\u0103 particularitate \u015fi anumea aceea c\u0103 \u00een Rom\u00e2nia se produc autoturisme electrice.\u00a0\u00a0\u201dCred c\u0103 mai avem o particularitate de care ar trebui s\u0103 \u0163inem cont\u00a0 anul acesta. Pentru prima dat\u0103 \u00een Rom\u00e2nia se produc autoturisme electrice. Am \u00een fa\u0163a ministerului trei modele construite \u00een Rom\u00e2nia, \u00eentr-o fabric\u0103 din Rom\u00e2nia, abia a\u015ftept s\u0103 urc \u00een fiecare autoturism \u015fi cred c\u0103 \u00eencurajarea rom\u00e2nilor spre a achizi\u0163iona un autoturism produs \u00een Rom\u00e2nia, fie c\u0103 e electric, fie c\u0103 e cu combustie, ar trebui s\u0103 fie f\u0103cut\u0103 \u015fi folosindu-ne de programul Rabla.\u00a0Cu alte cuvinte, un autoturism construit \u00een Rom\u00e2nia ar trebui s\u0103 beneficieze de un sprijin mai mare dec\u00e2t unul adus de la 5.000 de kilometri distan\u0163\u0103\u201d, a mai declarat Mircea Fechet.<\/p>","protected":false},"excerpt":{"rendered":"<p>Mircea Fechet a fost \u00eentrebat, s\u00e2mb\u0103t\u0103, la un post de televiziune, dac\u0103 programul Rabla va&hellip;<\/p>\n","protected":false},"author":0,"featured_media":26530,"comment_status":"open","ping_status":"open","sticky":false,"template":"","format":"standard","meta":{"footnotes":""},"categories":[2],"tags":[],"class_list":["post-26529","post","type-post","status-publish","format-standard","has-post-thumbnail","hentry","category-actual"],"_links":{"self":[{"href":"https:\/\/247stiri.ro\/index.php\/wp-json\/wp\/v2\/posts\/26529","targetHints":{"allow":["GET"]}}],"collection":[{"href":"https:\/\/247stiri.ro\/index.php\/wp-json\/wp\/v2\/posts"}],"about":[{"href":"https:\/\/247stiri.ro\/index.php\/wp-json\/wp\/v2\/types\/post"}],"replies":[{"embeddable":true,"href":"https:\/\/247stiri.ro\/index.php\/wp-json\/wp\/v2\/comments?post=26529"}],"version-history":[{"count":0,"href":"https:\/\/247stiri.ro\/index.php\/wp-json\/wp\/v2\/posts\/26529\/revisions"}],"wp:featuredmedia":[{"embeddable":true,"href":"https:\/\/247stiri.ro\/index.php\/wp-json\/wp\/v2\/media\/26530"}],"wp:attachment":[{"href":"https:\/\/247stiri.ro\/index.php\/wp-json\/wp\/v2\/media?parent=26529"}],"wp:term":[{"taxonomy":"category","embeddable":true,"href":"https:\/\/247stiri.ro\/index.php\/wp-json\/wp\/v2\/categories?post=26529"},{"taxonomy":"post_tag","embeddable":true,"href":"https:\/\/247stiri.ro\/index.php\/wp-json\/wp\/v2\/tags?post=26529"}],"curies":[{"name":"wp","href":"https:\/\/api.w.org\/{rel}","templated":true}]}}