{"id":26537,"date":"2025-01-25T16:45:50","date_gmt":"2025-01-25T16:45:50","guid":{"rendered":"https:\/\/247stiri.ro\/index.php\/2025\/01\/25\/palatul-de-clestar-al-lui-iohannis-construit-pe-suferinta-romaniei-un-alt-zbor-cu-avionul-de-lux-de-care-nu-se-dezice\/"},"modified":"2025-01-25T16:45:50","modified_gmt":"2025-01-25T16:45:50","slug":"palatul-de-clestar-al-lui-iohannis-construit-pe-suferinta-romaniei-un-alt-zbor-cu-avionul-de-lux-de-care-nu-se-dezice","status":"publish","type":"post","link":"https:\/\/247stiri.ro\/index.php\/2025\/01\/25\/palatul-de-clestar-al-lui-iohannis-construit-pe-suferinta-romaniei-un-alt-zbor-cu-avionul-de-lux-de-care-nu-se-dezice\/","title":{"rendered":"Palatul de cle\u0219tar al lui Iohannis, construit pe suferin\u021ba Rom\u00e2niei. Un alt zbor cu avionul de lux de care nu se dezice"},"content":{"rendered":"<p>Luxul \u00een care se scald\u0103 pre\u0219edintele nelegitim, aproape ireal<\/p>\n<p>Avionul de lux de zeci de milioane de dolari a fost folosit \u0219i \u00een precedentele sale deplas\u0103ri la Washington.<\/p>\n<p>Kenya, Singapore, Brazilia \u0219i Dubai, sunt doar c\u00e2teva dintre locurile pe care Klaus Iohannis le-a vizitat \u00een timpul celor dou\u0103 mandate. Dup\u0103 cele dou\u0103 mandate, Iohannis a ajuns la 41,1 milioane de lei alocate deplas\u0103rilor externe, iar lista cheltuielilor e departe de a se termina.<\/p>\n<p><a href=\"https:\/\/www.realitatea.net\/stiri\/actual\/klaus-iohannis-a-discutat-telefonic-cu-primministrul-regatului-tarilor-de-jos-dick-schoof-in-legatura-cu-tezaurul-furat_67950a86f2a3002de01cb512\" target=\"_blank\">Pre\u0219edintele nelegitim<\/a> de\u021bine \u0219i o vil\u0103 \u00een sta\u021biunea Neptun, acolo unde are un \u00eentreg teren de golf care poate fi v\u0103zut din satelit. Tot la vila din Neptun, Iohannis se bucur\u0103 de buc\u0103tari profesioni\u0219ti, masori \u0219i de un bideu de 30 de mii de lei.<\/p>\n<p>\u00cen cele dou\u0103 mandate,<a href=\"https:\/\/www.realitatea.net\/stiri\/actual\/mesajul-presedintelui-ilegitim-de-ziua-unirii-faraonul-iohannis-sta-ascuns-de-teama-romanilor_679341c0c80c2d2fa47532d2\" target=\"_blank\"> Klaus Iohannis<\/a> a ar\u0103tat opulen\u021b\u0103 \u0219i ignoran\u021b\u0103. Prezent la schi, golf sau \u021b\u0103ri exotice, pre\u0219edintele nelegitim a uitat de marea sa responsabilitate, \u0219i anume, Rom\u00e2nia.\u00a0<\/p>","protected":false},"excerpt":{"rendered":"<p>Luxul \u00een care se scald\u0103 pre\u0219edintele nelegitim, aproape ireal Avionul de lux de zeci de&hellip;<\/p>\n","protected":false},"author":0,"featured_media":26538,"comment_status":"open","ping_status":"open","sticky":false,"template":"","format":"standard","meta":{"footnotes":""},"categories":[3],"tags":[],"class_list":["post-26537","post","type-post","status-publish","format-standard","has-post-thumbnail","hentry","category-politica"],"_links":{"self":[{"href":"https:\/\/247stiri.ro\/index.php\/wp-json\/wp\/v2\/posts\/26537","targetHints":{"allow":["GET"]}}],"collection":[{"href":"https:\/\/247stiri.ro\/index.php\/wp-json\/wp\/v2\/posts"}],"about":[{"href":"https:\/\/247stiri.ro\/index.php\/wp-json\/wp\/v2\/types\/post"}],"replies":[{"embeddable":true,"href":"https:\/\/247stiri.ro\/index.php\/wp-json\/wp\/v2\/comments?post=26537"}],"version-history":[{"count":0,"href":"https:\/\/247stiri.ro\/index.php\/wp-json\/wp\/v2\/posts\/26537\/revisions"}],"wp:featuredmedia":[{"embeddable":true,"href":"https:\/\/247stiri.ro\/index.php\/wp-json\/wp\/v2\/media\/26538"}],"wp:attachment":[{"href":"https:\/\/247stiri.ro\/index.php\/wp-json\/wp\/v2\/media?parent=26537"}],"wp:term":[{"taxonomy":"category","embeddable":true,"href":"https:\/\/247stiri.ro\/index.php\/wp-json\/wp\/v2\/categories?post=26537"},{"taxonomy":"post_tag","embeddable":true,"href":"https:\/\/247stiri.ro\/index.php\/wp-json\/wp\/v2\/tags?post=26537"}],"curies":[{"name":"wp","href":"https:\/\/api.w.org\/{rel}","templated":true}]}}