{"id":26566,"date":"2025-01-25T18:55:04","date_gmt":"2025-01-25T18:55:04","guid":{"rendered":"https:\/\/247stiri.ro\/index.php\/2025\/01\/25\/graba-strica-treaba-accident-rutier-din-cauza-unei-soferite-care-nu-a-respectat-indicatoarele\/"},"modified":"2025-01-25T18:55:04","modified_gmt":"2025-01-25T18:55:04","slug":"graba-strica-treaba-accident-rutier-din-cauza-unei-soferite-care-nu-a-respectat-indicatoarele","status":"publish","type":"post","link":"https:\/\/247stiri.ro\/index.php\/2025\/01\/25\/graba-strica-treaba-accident-rutier-din-cauza-unei-soferite-care-nu-a-respectat-indicatoarele\/","title":{"rendered":"Graba stric\u0103 treaba: accident RUTIER din cauza unei \u0219oferite care nu a respectat indicatoarele"},"content":{"rendered":"<p>Ce au anun\u021bat oamenii legii<\/p>\n<p>Conform Inspectoratului de Poli\u021bie al Jude\u021bului (IPJ) Tulcea, <a href=\"https:\/\/www.realitatea.net\/stiri\/actual\/accident-rutier-langa-bucuresti-totul-a-pornit-de-la-un-sofer-baut_67951bb60d38b226990d4952\" target=\"_blank\">evenimentul a avut loc<\/a> s\u00e2mb\u0103t\u0103 \u0219i a implicat dou\u0103 autoturisme conduse de femei.<\/p>\n<p>\u00a0\u201eDin primele verific\u0103ri, poli\u021bi\u0219tii au stabilit c\u0103 o femeie \u00een v\u00e2rst\u0103 de 49 de ani, aflat\u0103 la volanul unui autoturism care circula pe DJ229, nu a respectat semnifica\u021bia indicatorului Stop \u0219i a intrat \u00een coliziune cu un alt autoturism, condus de o femeie de 45 de ani. \u00cen urma impactului, \u0219oferi\u021ba din al doilea autoturism \u0219i o pasager\u0103 aflat\u0103 \u00een ma\u0219ina acesteia au suferit r\u0103ni \u0219i au necesitat \u00eengrijiri medicale\u201d, se arat\u0103 \u00een comunicatul transmis de IPJ Tulcea.<\/p>\n<p>Cele dou\u0103 victime au fost transportate la spital pentru investiga\u021bii \u0219i tratament, \u00eens\u0103 starea lor nu a fost f\u0103cut\u0103 public\u0103. \u00cen acest caz, poli\u021bi\u0219tii continu\u0103 cercet\u0103rile pentru a stabili toate circumstan\u021bele care au dus la <a href=\"https:\/\/www.realitatea.net\/stiri\/actual\/accident-grav-in-constanta-elicopterul-smurd-a-intervenit-la-fata-locului_67937f3a7d920308eb30616d\" target=\"_blank\">producerea accidentului<\/a>. \u0218oferi\u021ba de 49 de ani risc\u0103 sanc\u021biuni penale sub acuza\u021bia de v\u0103t\u0103mare corporal\u0103 din culp\u0103.<\/p>","protected":false},"excerpt":{"rendered":"<p>Ce au anun\u021bat oamenii legii Conform Inspectoratului de Poli\u021bie al Jude\u021bului (IPJ) Tulcea, evenimentul a&hellip;<\/p>\n","protected":false},"author":0,"featured_media":26567,"comment_status":"open","ping_status":"open","sticky":false,"template":"","format":"standard","meta":{"footnotes":""},"categories":[2],"tags":[],"class_list":["post-26566","post","type-post","status-publish","format-standard","has-post-thumbnail","hentry","category-actual"],"_links":{"self":[{"href":"https:\/\/247stiri.ro\/index.php\/wp-json\/wp\/v2\/posts\/26566","targetHints":{"allow":["GET"]}}],"collection":[{"href":"https:\/\/247stiri.ro\/index.php\/wp-json\/wp\/v2\/posts"}],"about":[{"href":"https:\/\/247stiri.ro\/index.php\/wp-json\/wp\/v2\/types\/post"}],"replies":[{"embeddable":true,"href":"https:\/\/247stiri.ro\/index.php\/wp-json\/wp\/v2\/comments?post=26566"}],"version-history":[{"count":0,"href":"https:\/\/247stiri.ro\/index.php\/wp-json\/wp\/v2\/posts\/26566\/revisions"}],"wp:featuredmedia":[{"embeddable":true,"href":"https:\/\/247stiri.ro\/index.php\/wp-json\/wp\/v2\/media\/26567"}],"wp:attachment":[{"href":"https:\/\/247stiri.ro\/index.php\/wp-json\/wp\/v2\/media?parent=26566"}],"wp:term":[{"taxonomy":"category","embeddable":true,"href":"https:\/\/247stiri.ro\/index.php\/wp-json\/wp\/v2\/categories?post=26566"},{"taxonomy":"post_tag","embeddable":true,"href":"https:\/\/247stiri.ro\/index.php\/wp-json\/wp\/v2\/tags?post=26566"}],"curies":[{"name":"wp","href":"https:\/\/api.w.org\/{rel}","templated":true}]}}