{"id":26576,"date":"2025-01-25T19:49:19","date_gmt":"2025-01-25T19:49:19","guid":{"rendered":"https:\/\/247stiri.ro\/index.php\/2025\/01\/25\/mihai-neamtu-solicita-de-urgenta-o-ancheta-cu-privire-la-disparitia-tezaurului-dacic-al-romaniei-intreaga-filiera-a-tradatorilor-trebuie-expusa-public-iar-cei-vinovati-trebuie-sa-fie-trasi\/"},"modified":"2025-01-25T19:49:19","modified_gmt":"2025-01-25T19:49:19","slug":"mihai-neamtu-solicita-de-urgenta-o-ancheta-cu-privire-la-disparitia-tezaurului-dacic-al-romaniei-intreaga-filiera-a-tradatorilor-trebuie-expusa-public-iar-cei-vinovati-trebuie-sa-fie-trasi","status":"publish","type":"post","link":"https:\/\/247stiri.ro\/index.php\/2025\/01\/25\/mihai-neamtu-solicita-de-urgenta-o-ancheta-cu-privire-la-disparitia-tezaurului-dacic-al-romaniei-intreaga-filiera-a-tradatorilor-trebuie-expusa-public-iar-cei-vinovati-trebuie-sa-fie-trasi\/","title":{"rendered":"Mihai Neam\u021bu solicit\u0103 de urgen\u021b\u0103 o anchet\u0103 cu privire la dispari\u021bia tezaurului dacic al Rom\u00e2niei: \u201e\u00centreaga filier\u0103 a tr\u0103d\u0103torilor trebuie expus\u0103 public, iar cei vinova\u021bi trebuie s\u0103 fie tra\u0219i la r\u0103spundere!\u201d"},"content":{"rendered":"<p>\u201e\u00cen calitate de Pre\u0219edinte al Comisiei de Cultur\u0103 din Camera Deputa\u021bilor, solicit de urgen\u021b\u0103 o anchet\u0103 privind \u00eenstr\u0103inarea \u0219i vulnerabilizarea tezaurului dacic!\u00a0Cu profund\u0103 \u00eengrijorare, cer Primului Ministru, Ministerului Culturii, Ministerului Public \u0219i Ministerului Afacerilor Interne s\u0103 demareze imediat o investiga\u021bie ampl\u0103 asupra modului \u00een care s-a permis expunerea \u0219i punerea \u00een pericol a tezaurului dacic, un patrimoniu istoric unic, de o valoare inestimabil\u0103. Situa\u021bia devine cu at\u00e2t mai grav\u0103 cu c\u00e2t, \u00een urma jafului de la Muzeul Drents din Assen, s-au pierdut piese excep\u021bionale, printre care Coiful de Aur de la Co\u021bofene\u0219ti, br\u0103\u021b\u0103ri dacice \u0219i alte artefacte pre\u021bioase.\u00a0Coiful de Aur de la Co\u021bofene\u0219ti, o pies\u0103 simbolic\u0103 a culturii geto-dacice, dateaz\u0103 din prima jum\u0103tate a secolului al IV-lea \u00ee.Hr. Descoperit \u00een 1928 \u00een satul Co\u021bofene\u0219ti, comuna Poiana V\u0103rbil\u0103u, jude\u021bul Prahova, de un elev al \u0219colii primare locale, acest coif din aur masiv c\u00e2nt\u0103re\u0219te 770 de grame \u0219i este aproape intact, cu excep\u021bia unei mici p\u0103r\u021bi superioare a calotei. Decorat cu simboluri \u0219i detalii unice, coiful reflect\u0103 m\u0103iestria artistic\u0103 \u0219i spiritualitatea geto-dacilor, fiind o pies\u0103 de referin\u021b\u0103 pentru istoria Rom\u00e2niei.\u00a0Conform datelor oficiale, aproape 700 de obiecte din metale pre\u021bioase, din peste 50 de tezaure apar\u021bin\u00e2nd colec\u021biilor a 18 muzee din Rom\u00e2nia, au fost expuse \u00eencep\u00e2nd cu 7 iulie 2024 la Muzeul Drents din Assen, Olanda. \u00cen mod inexplicabil, m\u0103surile de securitate au fost deficitare, ceea ce a permis furtul acestor bunuri inestimabile, pun\u00e2nd patrimoniul na\u021bional \u00eentr-un pericol ireparabil.\u00a0CEREM:\u2022 O expertizare profesional\u0103 imediat\u0103 a tuturor pieselor originale r\u0103mase \u00een Rom\u00e2nia, pentru a evalua starea lor \u0219i pentru a preveni alte incidente.\u2022 O anchet\u0103 ampl\u0103, transparent\u0103, care s\u0103 identifice responsabilit\u0103\u021bile \u00een lan\u021bul deciziilor ce au permis aceast\u0103 expunere \u0219i vulnerabilizare.\u2022 Ministerului Culturii s\u0103 adopte un moratoriu de cinci ani privind expunerea sau \u00eenstr\u0103inarea pieselor din tezaurul dacic, astfel \u00eenc\u00e2t s\u0103 fie asigurat\u0103 protejarea acestora.\u00a0Tezaurul dacic reprezint\u0103 o parte fundamental\u0103 a identit\u0103\u021bii noastre na\u021bionale, iar pierderea unor astfel de piese este un act de neglijen\u021b\u0103 care nu poate r\u0103m\u00e2ne nepedepsit. Coiful de la Co\u021bofene\u0219ti, br\u0103\u021b\u0103rile dacice \u0219i celelalte artefacte furate nu sunt simple obiecte, ci m\u0103rturii nepre\u021buite ale istoriei \u0219i culturii acestui popor.\u00a0\u00centreaga filier\u0103 a tr\u0103d\u0103torilor trebuie expus\u0103 public, iar cei vinova\u021bi trebuie s\u0103 fie tra\u0219i la r\u0103spundere!\u00a0\u00cendemn toate autorit\u0103\u021bile competente s\u0103 trateze acest caz cu maxim\u0103 responsabilitate \u0219i s\u0103 ia m\u0103suri ferme pentru ca astfel de situa\u021bii s\u0103 nu mai fie posibile niciodat\u0103.\u201d, a declarat Mihai Neam\u021bu pe Facebook.\u00a0<\/p>","protected":false},"excerpt":{"rendered":"<p>\u201e\u00cen calitate de Pre\u0219edinte al Comisiei de Cultur\u0103 din Camera Deputa\u021bilor, solicit de urgen\u021b\u0103 o&hellip;<\/p>\n","protected":false},"author":0,"featured_media":26577,"comment_status":"open","ping_status":"open","sticky":false,"template":"","format":"standard","meta":{"footnotes":""},"categories":[2],"tags":[],"class_list":["post-26576","post","type-post","status-publish","format-standard","has-post-thumbnail","hentry","category-actual"],"_links":{"self":[{"href":"https:\/\/247stiri.ro\/index.php\/wp-json\/wp\/v2\/posts\/26576","targetHints":{"allow":["GET"]}}],"collection":[{"href":"https:\/\/247stiri.ro\/index.php\/wp-json\/wp\/v2\/posts"}],"about":[{"href":"https:\/\/247stiri.ro\/index.php\/wp-json\/wp\/v2\/types\/post"}],"replies":[{"embeddable":true,"href":"https:\/\/247stiri.ro\/index.php\/wp-json\/wp\/v2\/comments?post=26576"}],"version-history":[{"count":0,"href":"https:\/\/247stiri.ro\/index.php\/wp-json\/wp\/v2\/posts\/26576\/revisions"}],"wp:featuredmedia":[{"embeddable":true,"href":"https:\/\/247stiri.ro\/index.php\/wp-json\/wp\/v2\/media\/26577"}],"wp:attachment":[{"href":"https:\/\/247stiri.ro\/index.php\/wp-json\/wp\/v2\/media?parent=26576"}],"wp:term":[{"taxonomy":"category","embeddable":true,"href":"https:\/\/247stiri.ro\/index.php\/wp-json\/wp\/v2\/categories?post=26576"},{"taxonomy":"post_tag","embeddable":true,"href":"https:\/\/247stiri.ro\/index.php\/wp-json\/wp\/v2\/tags?post=26576"}],"curies":[{"name":"wp","href":"https:\/\/api.w.org\/{rel}","templated":true}]}}