{"id":26580,"date":"2025-01-25T19:49:20","date_gmt":"2025-01-25T19:49:20","guid":{"rendered":"https:\/\/247stiri.ro\/index.php\/2025\/01\/25\/dictatorul-lukasenko-tot-mai-aproape-de-al-saptelea-mandat-consecutiv-belarusii-sunt-chemati-duminica-la-urne-rezultatul-este-previzibil\/"},"modified":"2025-01-25T19:49:20","modified_gmt":"2025-01-25T19:49:20","slug":"dictatorul-lukasenko-tot-mai-aproape-de-al-saptelea-mandat-consecutiv-belarusii-sunt-chemati-duminica-la-urne-rezultatul-este-previzibil","status":"publish","type":"post","link":"https:\/\/247stiri.ro\/index.php\/2025\/01\/25\/dictatorul-lukasenko-tot-mai-aproape-de-al-saptelea-mandat-consecutiv-belarusii-sunt-chemati-duminica-la-urne-rezultatul-este-previzibil\/","title":{"rendered":"Dictatorul Luka\u015fenko, tot mai aproape de al \u0219aptelea mandat consecutiv. Belaru\u015fii sunt chema\u0163i duminic\u0103 la urne. Rezultatul este previzibil"},"content":{"rendered":"<p>\u201dEste pilonul nostru\u201d, d\u0103 asigur\u0103ri \u00een centrul Minskului Alina, care nu ezit\u0103 o clip\u0103 s\u0103 spun\u0103 c\u0103 va vota cu acest autocrat autoasumat care a eliminat toat\u0103 opozi\u0163ia.<\/p>\n<p>Alegerile preziden\u0163iale belaruse din acest an vor fi doar o formalitate \u00een ceea ce-l prive\u015fte pe acest aliat apropiat al lui Vadimir Putin, c\u0103ruia i-a pus la dispozi\u0163ie teritoriul belarus \u00een invazia la scar\u0103 mare a Ucrainei vecine \u00een februarie 2022.<\/p>\n<p>O contestare f\u0103r\u0103 precedent care s-a ridicat \u00eempotriva sa \u00een 2020, \u00een urma unei noi realegeri, a fost eradicart\u0103 cu for\u0163a. Sute de belaru\u015fi au fost condamna\u0163i la pedepse grele cu \u00eenchisoarea, iar alte sute de mii au fugit din \u0163ar\u0103, mai ales \u00een Polonia, l\u0103s\u00e2nd opozi\u0163ia sleit\u0103.<\/p>\n<p>Potrivit unor organiza\u0163ii de ap\u0103rarea drepturilor omului, \u00een Belarus sunt peste 1.200 de de\u0163inu\u0163i politici, \u00eencarcera\u0163i adesea f\u0103r\u0103 s\u0103 aib\u0103 acces la un avocat \u015fi f\u0103r\u0103 s\u0103 poat\u0103 comunica cu rudele.<\/p>","protected":false},"excerpt":{"rendered":"<p>\u201dEste pilonul nostru\u201d, d\u0103 asigur\u0103ri \u00een centrul Minskului Alina, care nu ezit\u0103 o clip\u0103 s\u0103&hellip;<\/p>\n","protected":false},"author":0,"featured_media":26581,"comment_status":"open","ping_status":"open","sticky":false,"template":"","format":"standard","meta":{"footnotes":""},"categories":[2],"tags":[],"class_list":["post-26580","post","type-post","status-publish","format-standard","has-post-thumbnail","hentry","category-actual"],"_links":{"self":[{"href":"https:\/\/247stiri.ro\/index.php\/wp-json\/wp\/v2\/posts\/26580","targetHints":{"allow":["GET"]}}],"collection":[{"href":"https:\/\/247stiri.ro\/index.php\/wp-json\/wp\/v2\/posts"}],"about":[{"href":"https:\/\/247stiri.ro\/index.php\/wp-json\/wp\/v2\/types\/post"}],"replies":[{"embeddable":true,"href":"https:\/\/247stiri.ro\/index.php\/wp-json\/wp\/v2\/comments?post=26580"}],"version-history":[{"count":0,"href":"https:\/\/247stiri.ro\/index.php\/wp-json\/wp\/v2\/posts\/26580\/revisions"}],"wp:featuredmedia":[{"embeddable":true,"href":"https:\/\/247stiri.ro\/index.php\/wp-json\/wp\/v2\/media\/26581"}],"wp:attachment":[{"href":"https:\/\/247stiri.ro\/index.php\/wp-json\/wp\/v2\/media?parent=26580"}],"wp:term":[{"taxonomy":"category","embeddable":true,"href":"https:\/\/247stiri.ro\/index.php\/wp-json\/wp\/v2\/categories?post=26580"},{"taxonomy":"post_tag","embeddable":true,"href":"https:\/\/247stiri.ro\/index.php\/wp-json\/wp\/v2\/tags?post=26580"}],"curies":[{"name":"wp","href":"https:\/\/api.w.org\/{rel}","templated":true}]}}