{"id":26598,"date":"2025-01-25T20:55:06","date_gmt":"2025-01-25T20:55:06","guid":{"rendered":"https:\/\/247stiri.ro\/index.php\/2025\/01\/25\/ministrul-mediului-ameninta-cu-restructurarile-la-romsilva-in-masura-in-care-nu-faci-profit-te-desfiintez\/"},"modified":"2025-01-25T20:55:06","modified_gmt":"2025-01-25T20:55:06","slug":"ministrul-mediului-ameninta-cu-restructurarile-la-romsilva-in-masura-in-care-nu-faci-profit-te-desfiintez","status":"publish","type":"post","link":"https:\/\/247stiri.ro\/index.php\/2025\/01\/25\/ministrul-mediului-ameninta-cu-restructurarile-la-romsilva-in-masura-in-care-nu-faci-profit-te-desfiintez\/","title":{"rendered":"Ministrul Mediului amenin\u021b\u0103 cu restructur\u0103rile la Romsilva: \u201e\u00cen m\u0103sura \u00een care nu faci profit, te desfiin\u021bez!\u201d"},"content":{"rendered":"<p>\u201eO decizie pe care o voi lua foarte cur\u00e2nd se refer\u0103 la reorganizarea Regiei Na\u0163ionale a P\u0103durilor \u2013 Romsilva. Este o institu\u0163ie care de\u015fi administreaz\u0103 peste jum\u0103tate din Fondul Forestier Na\u0163ional este extrem de ineficient\u0103. A\u015ftept cu ner\u0103bdare cifrele lui 2024 pentru c\u0103 exist\u0103 un risc semnificativ ca pentru prima oar\u0103 \u00een foarte mul\u0163i ani institu\u0163ia s\u0103 nu fac\u0103 deloc profit ceea ce e aproape ridicol \u00een opinia mea\u201d, a declarat Mircea Fechet, la un post de televiziune.<\/p>\n<p>Ministrul a explicat \u0219i ce va presupune procesul de restructurare.<\/p>\n<p>\u201eUn principiu este cel al modului \u00een care activitatea economic\u0103 \u00eentr-o direc\u0163ie silvic\u0103, spre exemplu, genereaz\u0103 profit sau nu, \u00een\u0163eleg\u00e2nd anumite situa\u0163ii particulare. \u00cen Delt\u0103 e foarte greu s\u0103 faci profit, spre exemplu, pentru c\u0103 acolo ai mult plop, ai un lemn pe care oricum \u00eel vinzi foarte greu \u015fi procesul \u00eentreg de a-l transporta, de a-l exploata este unul anevoios \u015fi poate c\u0103 acela este un exemplu unde a\u015f putea s\u0103 nu fiu foarte riguros \u00een ceea ce prive\u015fte acest indicator. \u00cens\u0103, exist\u0103 direc\u0163ii silvice care administreaz\u0103 peste 100.000 de hectare de p\u0103dure \u015fi care comparate cu alte direc\u0163ii silvice cu o suprafa\u0163\u0103 similar\u0103 au rezultate financiare mult diferite. Poate o direc\u0163ie silvic\u0103 s\u0103 piard\u0103 \u00eentr-un an milioane de lei \u015fi alta s\u0103 asigure profit\u201d, a precizat Mircea Fechet.<\/p>\n<p>\u201eAcesta este un posibil indicator legat de num\u0103rul direc\u0163iilor silvice care vor mai exista pentru c\u0103 le voi spune foarte clar: \u201d\u00cen m\u0103sura \u00een care nu faci profit, te desfiin\u0163ez!\u201d, asta \u00eenseamn\u0103 c\u0103 pleac\u0103 acas\u0103 directorul direc\u0163iei silvice, pleac\u0103 acas\u0103 directorul economic, pleac\u0103 acas\u0103 directorul tehnic, pleac\u0103 acas\u0103 directorul comercial fiindc\u0103 avem 100 de directori \u00een \u0163ar\u0103 doar la direc\u0163iile silvice \u015fi te lipe\u015fte de o direc\u0163ie silvic\u0103 performant\u0103 care \u015ftie s\u0103 fac\u0103 management\u201d, a ad\u0103ugat ministrul.<\/p>\n<p>\u201eUnul dintre sfaturile pe care le prime\u015fti c\u00e2nd devii ministru al Mediului este s\u0103 nu te cer\u0163i cu v\u00e2n\u0103torii \u015fi al doilea s\u0103 nu te cer\u0163i cu p\u0103durarii. M\u0103 simt obligat s\u0103 spun c\u0103 nu mai putem s\u0103 st\u0103m cu 99 de directori \u00een \u0163ar\u0103 \u015fi dac\u0103 vor fi din 99 sau 100 c\u00e2\u0163i avem ast\u0103zi, dac\u0103 vor r\u0103m\u00e2ne 50 sau 30 sau 70 nu am de unde s\u0103 \u015ftiu, \u00eens\u0103 \u00eemi propun s\u0103 nu existe direc\u0163ie silvic\u0103 pe pierderi, s\u0103 nu existe direc\u0163ie silvic\u0103 f\u0103r\u0103 p\u0103dure, unii mai au dou\u0103 ocoale silvice \u00een timp ce al\u0163ii au 20\u201d, a precizat Fechet.<\/p>","protected":false},"excerpt":{"rendered":"<p>\u201eO decizie pe care o voi lua foarte cur\u00e2nd se refer\u0103 la reorganizarea Regiei Na\u0163ionale&hellip;<\/p>\n","protected":false},"author":0,"featured_media":26599,"comment_status":"open","ping_status":"open","sticky":false,"template":"","format":"standard","meta":{"footnotes":""},"categories":[2],"tags":[],"class_list":["post-26598","post","type-post","status-publish","format-standard","has-post-thumbnail","hentry","category-actual"],"_links":{"self":[{"href":"https:\/\/247stiri.ro\/index.php\/wp-json\/wp\/v2\/posts\/26598","targetHints":{"allow":["GET"]}}],"collection":[{"href":"https:\/\/247stiri.ro\/index.php\/wp-json\/wp\/v2\/posts"}],"about":[{"href":"https:\/\/247stiri.ro\/index.php\/wp-json\/wp\/v2\/types\/post"}],"replies":[{"embeddable":true,"href":"https:\/\/247stiri.ro\/index.php\/wp-json\/wp\/v2\/comments?post=26598"}],"version-history":[{"count":0,"href":"https:\/\/247stiri.ro\/index.php\/wp-json\/wp\/v2\/posts\/26598\/revisions"}],"wp:featuredmedia":[{"embeddable":true,"href":"https:\/\/247stiri.ro\/index.php\/wp-json\/wp\/v2\/media\/26599"}],"wp:attachment":[{"href":"https:\/\/247stiri.ro\/index.php\/wp-json\/wp\/v2\/media?parent=26598"}],"wp:term":[{"taxonomy":"category","embeddable":true,"href":"https:\/\/247stiri.ro\/index.php\/wp-json\/wp\/v2\/categories?post=26598"},{"taxonomy":"post_tag","embeddable":true,"href":"https:\/\/247stiri.ro\/index.php\/wp-json\/wp\/v2\/tags?post=26598"}],"curies":[{"name":"wp","href":"https:\/\/api.w.org\/{rel}","templated":true}]}}