{"id":26602,"date":"2025-01-25T20:55:07","date_gmt":"2025-01-25T20:55:07","guid":{"rendered":"https:\/\/247stiri.ro\/index.php\/2025\/01\/25\/masina-de-lux-cautata-in-polonia-a-fost-descoperita-in-portul-constanta\/"},"modified":"2025-01-25T20:55:07","modified_gmt":"2025-01-25T20:55:07","slug":"masina-de-lux-cautata-in-polonia-a-fost-descoperita-in-portul-constanta","status":"publish","type":"post","link":"https:\/\/247stiri.ro\/index.php\/2025\/01\/25\/masina-de-lux-cautata-in-polonia-a-fost-descoperita-in-portul-constanta\/","title":{"rendered":"Ma\u0219in\u0103 de lux, c\u0103utat\u0103 \u00een Polonia, a fost descoperit\u0103 \u00een Portul Constan\u021ba"},"content":{"rendered":"<p>Controlul a fost realizat \u00een cooperare cu ofi\u021berii Frontex, afla\u021bi \u00een deta\u0219are la Garda de Coast\u0103, \u0219i s-a desf\u0103\u0219urat \u00een incinta unui operator portuar. Autoturismul, \u00eenmatriculat \u00een Polonia, era adus de un cet\u0103\u021bean rom\u00e2n \u0219i urma s\u0103 fie exportat \u00een Turcia pe o nav\u0103 de tip RO-RO, specializat\u0103 \u00een transport interna\u021bional de m\u0103rfuri.<\/p>\n<p>Ma\u0219ina, indisponibilizat\u0103 pentru investiga\u021bii<\/p>\n<p><a href=\"https:\/\/www.realitatea.net\/stiri\/actual\/barbat-suspect-de-furtul-unei-masini-din-parcarea-unui-supermarket-din-tecuci-oprit-de-politisti-cu-sistemul-spike-video_6777dbc6a3d7a6318c4a74bb\" target=\"_blank\">Vehiculul a fost confiscat<\/a> temporar \u0219i dus la sediul institu\u021biei pentru continuarea cercet\u0103rilor. Poli\u021bi\u0219tii investigheaz\u0103 cazul sub suspiciunea s\u0103v\u00e2r\u0219irii infrac\u021biunii de t\u0103inuire, iar la finalul anchetei vor fi luate m\u0103surile legale necesare.<\/p>\n<p><a href=\"https:\/\/www.realitatea.net\/stiri\/actual\/aventura-unui-barbat-fara-permis-sa-incheiat-in-arest-a-furat-o-masina-pentru-a-pleca-in-concediu-de-sarbatori_676bf1e8f90b1116eb682422\" target=\"_blank\">Acest incident<\/a> nu este unul izolat. Luna trecut\u0103, un alt vehicul de lux, evaluat la 200.000 de euro \u0219i c\u0103utat tot de autorit\u0103\u021bile poloneze, a fost descoperit \u00een aceea\u0219i loca\u021bie, \u00een condi\u021bii similare. De altfel, Poli\u021bia de Frontier\u0103 a anun\u021bat c\u0103, \u00een primele nou\u0103 luni ale anului 2024, peste 250 de ma\u0219ini furate au fost depistate la grani\u021bele Rom\u00e2niei, dintre care dou\u0103 vehicule de lux, \u00een valoare de 360.000 de euro, au fost g\u0103site \u00een Portul Constan\u021ba.<\/p>","protected":false},"excerpt":{"rendered":"<p>Controlul a fost realizat \u00een cooperare cu ofi\u021berii Frontex, afla\u021bi \u00een deta\u0219are la Garda de&hellip;<\/p>\n","protected":false},"author":0,"featured_media":26603,"comment_status":"open","ping_status":"open","sticky":false,"template":"","format":"standard","meta":{"footnotes":""},"categories":[2],"tags":[],"class_list":["post-26602","post","type-post","status-publish","format-standard","has-post-thumbnail","hentry","category-actual"],"_links":{"self":[{"href":"https:\/\/247stiri.ro\/index.php\/wp-json\/wp\/v2\/posts\/26602","targetHints":{"allow":["GET"]}}],"collection":[{"href":"https:\/\/247stiri.ro\/index.php\/wp-json\/wp\/v2\/posts"}],"about":[{"href":"https:\/\/247stiri.ro\/index.php\/wp-json\/wp\/v2\/types\/post"}],"replies":[{"embeddable":true,"href":"https:\/\/247stiri.ro\/index.php\/wp-json\/wp\/v2\/comments?post=26602"}],"version-history":[{"count":0,"href":"https:\/\/247stiri.ro\/index.php\/wp-json\/wp\/v2\/posts\/26602\/revisions"}],"wp:featuredmedia":[{"embeddable":true,"href":"https:\/\/247stiri.ro\/index.php\/wp-json\/wp\/v2\/media\/26603"}],"wp:attachment":[{"href":"https:\/\/247stiri.ro\/index.php\/wp-json\/wp\/v2\/media?parent=26602"}],"wp:term":[{"taxonomy":"category","embeddable":true,"href":"https:\/\/247stiri.ro\/index.php\/wp-json\/wp\/v2\/categories?post=26602"},{"taxonomy":"post_tag","embeddable":true,"href":"https:\/\/247stiri.ro\/index.php\/wp-json\/wp\/v2\/tags?post=26602"}],"curies":[{"name":"wp","href":"https:\/\/api.w.org\/{rel}","templated":true}]}}