{"id":26612,"date":"2025-01-25T21:46:33","date_gmt":"2025-01-25T21:46:33","guid":{"rendered":"https:\/\/247stiri.ro\/index.php\/2025\/01\/25\/elon-musk-prezent-la-mitingul-extremistilor-din-germania-fiti-mandri-ca-sunteti-germani\/"},"modified":"2025-01-25T21:46:33","modified_gmt":"2025-01-25T21:46:33","slug":"elon-musk-prezent-la-mitingul-extremistilor-din-germania-fiti-mandri-ca-sunteti-germani","status":"publish","type":"post","link":"https:\/\/247stiri.ro\/index.php\/2025\/01\/25\/elon-musk-prezent-la-mitingul-extremistilor-din-germania-fiti-mandri-ca-sunteti-germani\/","title":{"rendered":"Elon Musk, prezent la mitingul extremi\u0219tilor din Germania: \u201eFi\u021bi m\u00e2ndri c\u0103 sunte\u021bi germani\u201d"},"content":{"rendered":"<p>\u201dEste OK s\u0103 fii m\u00e2ndru c\u0103 e\u015fti german. Bate\u0163i-v\u0103 pentru un viitor radios al Germaniei\u201d, le-a spus cel mai bogat om din lume, potrivit AfD, celor aproximativ 4.500 de sus\u0163in\u0103tori, reuni\u0163i la T\u00e2rgul de la\u00a0Halle (est).<\/p>\n<p>El \u015fi-a reiterat sus\u0163inerea fa\u0163\u0103 de acest partid care \u00eencarneaz\u0103, \u00een opinia sa, \u201dcea mai bun\u0103 speran\u0163\u0103 a Germaniei\u201d.<\/p>\n<p>\u00centr-o interven\u0163ie dezl\u00e2nat\u0103, el a l\u0103udat \u201dna\u0163iunea german\u0103\u201d veche de \u201dmii de ani\u201d.<\/p>\n<p>\u00cemp\u0103ratul roman Iulius Cezar a fost \u201dimpresionat\u201d de voin\u0163a de lupt\u0103 a triburilor germanice.<\/p>\n<p>Actualul Guverm \u201dreprim\u0103 agresiv libertatea de exprimare\u201d, a acuzat el.<\/p>\n<p>AfD trebuie, a\u015fadar, \u201ds\u0103 se bat\u0103, s\u0103 se bat\u0103, s\u0103 se bat\u0103\u201d pentru \u201dmai mult\u0103 autodeterminare a Germaniei \u015fi pentru \u0163\u0103rile din Europa \u015fi mai pu\u0163in pentru Bruxelles\u201d.<\/p>\n<p>\u00cen ultimele s\u0103pt\u0103m\u00e2ni, Elon Musk s-a amestecat cu regularitate \u00een politica intern\u0103 a Germaniei \u015fi altor \u0163\u0103ri europene, public\u00e2nd comentarii pe platforma sa X \u015fi sus\u0163in\u00e2nd \u00een mod deschis AfD.<\/p>\n<p>Aceast\u0103 forma\u0163iune ostil\u0103 migran\u0163ilor este creditat\u0103 pe locul doi \u00een sondaje \u00een vederea alegerilor legislative anticipate prev\u0103zute la 23 februarie, cu 20% dintre inten\u0163iile de vot, dup\u0103 blocaul format de Uniunea Cre\u015ftin Democrat\u0103 (CDU, consevatori) \u015fi Uniunea Cre\u015ftin Social\u0103 (CSU), creditat cu aproximativ 30% dintre inten\u0163iile de vot.<\/p>","protected":false},"excerpt":{"rendered":"<p>\u201dEste OK s\u0103 fii m\u00e2ndru c\u0103 e\u015fti german. Bate\u0163i-v\u0103 pentru un viitor radios al Germaniei\u201d,&hellip;<\/p>\n","protected":false},"author":0,"featured_media":26611,"comment_status":"open","ping_status":"open","sticky":false,"template":"","format":"standard","meta":{"footnotes":""},"categories":[2],"tags":[],"class_list":["post-26612","post","type-post","status-publish","format-standard","has-post-thumbnail","hentry","category-actual"],"_links":{"self":[{"href":"https:\/\/247stiri.ro\/index.php\/wp-json\/wp\/v2\/posts\/26612","targetHints":{"allow":["GET"]}}],"collection":[{"href":"https:\/\/247stiri.ro\/index.php\/wp-json\/wp\/v2\/posts"}],"about":[{"href":"https:\/\/247stiri.ro\/index.php\/wp-json\/wp\/v2\/types\/post"}],"replies":[{"embeddable":true,"href":"https:\/\/247stiri.ro\/index.php\/wp-json\/wp\/v2\/comments?post=26612"}],"version-history":[{"count":0,"href":"https:\/\/247stiri.ro\/index.php\/wp-json\/wp\/v2\/posts\/26612\/revisions"}],"wp:featuredmedia":[{"embeddable":true,"href":"https:\/\/247stiri.ro\/index.php\/wp-json\/wp\/v2\/media\/26611"}],"wp:attachment":[{"href":"https:\/\/247stiri.ro\/index.php\/wp-json\/wp\/v2\/media?parent=26612"}],"wp:term":[{"taxonomy":"category","embeddable":true,"href":"https:\/\/247stiri.ro\/index.php\/wp-json\/wp\/v2\/categories?post=26612"},{"taxonomy":"post_tag","embeddable":true,"href":"https:\/\/247stiri.ro\/index.php\/wp-json\/wp\/v2\/tags?post=26612"}],"curies":[{"name":"wp","href":"https:\/\/api.w.org\/{rel}","templated":true}]}}