{"id":26613,"date":"2025-01-25T21:46:33","date_gmt":"2025-01-25T21:46:33","guid":{"rendered":"https:\/\/247stiri.ro\/index.php\/2025\/01\/25\/accident-grav-pe-dn-67-in-gorj-un-autoturism-si-un-camion-au-intrat-in-coliziune\/"},"modified":"2025-01-25T21:46:33","modified_gmt":"2025-01-25T21:46:33","slug":"accident-grav-pe-dn-67-in-gorj-un-autoturism-si-un-camion-au-intrat-in-coliziune","status":"publish","type":"post","link":"https:\/\/247stiri.ro\/index.php\/2025\/01\/25\/accident-grav-pe-dn-67-in-gorj-un-autoturism-si-un-camion-au-intrat-in-coliziune\/","title":{"rendered":"Accident grav pe DN 67, \u00een Gorj: un autoturism \u0219i un camion au intrat \u00een coliziune"},"content":{"rendered":"<p>Ce au transmis poli\u021bi\u0219tii<\/p>\n<p><a href=\"https:\/\/www.realitatea.net\/stiri\/actual\/accident-grav-pe-autostrada-a3-bucurestiploiesti-cum-sa-produs-tragedia_67953600d30a262fa7689fd3\" target=\"_blank\">Accidentul a fost raportat<\/a> \u00een jurul orei 14:15, iar autorit\u0103\u021bile au intervenit prompt la fa\u021ba locului. Potrivit purt\u0103torului de cuv\u00e2nt al ISU Gorj, Florin Chisim, dou\u0103 autospeciale pentru descarcerare din cadrul Deta\u0219amentului de Pompieri T\u00e2rgu Jiu, al\u0103turi de dou\u0103 ambulan\u021be ale Serviciului Jude\u021bean de Ambulan\u021b\u0103 Gorj, au fost mobilizate pentru a gestiona situa\u021bia de urgen\u021b\u0103.<\/p>\n<p>\u201eLa locul accidentului, echipele de interven\u021bie au constatat c\u0103 evenimentul rutier a implicat cinci persoane. O femeie \u00een v\u00e2rst\u0103 de 66 de ani, pasager\u0103 pe scaunul din dreapta fa\u021b\u0103 al autoturismului, a r\u0103mas \u00eencarcerat\u0103 \u00een urma impactului. Aceasta a fost extras\u0103 \u00een stare de con\u0219tien\u021b\u0103 de c\u0103tre echipajele de descarcerare,\u201d a precizat Florin Chisim.<\/p>\n<p>Femeia \u00eencarcerat\u0103, \u00eempreun\u0103 cu un b\u0103rbat \u00een v\u00e2rst\u0103 de 66 de ani, au fost transporta\u021bi la spital pentru investiga\u021bii \u0219i tratament medical de specialitate. Celelalte trei persoane implicate \u00een accident au fost evaluate medical la fa\u021ba locului, \u00eens\u0103 au refuzat transportul la spital.<\/p>\n<p>Din primele cercet\u0103ri, se pare c\u0103 \u0219oferul autoturismului nu a respectat regula de acordare a priorit\u0103\u021bii, ceea ce a condus la coliziunea cu autogunoiera. Poli\u021bia continu\u0103 investiga\u021biile pentru a stabili cu exactitate circumstan\u021bele <a href=\"https:\/\/www.realitatea.net\/stiri\/actual\/accident-rutier-din-cauza-unei-soferite-care-nu-a-respectat-indicatoarele_679525be1f2bc17af50ab1f2\" target=\"_blank\">\u00een care s-a produs acest incident.<\/a><\/p>","protected":false},"excerpt":{"rendered":"<p>Ce au transmis poli\u021bi\u0219tii Accidentul a fost raportat \u00een jurul orei 14:15, iar autorit\u0103\u021bile au&hellip;<\/p>\n","protected":false},"author":0,"featured_media":26614,"comment_status":"open","ping_status":"open","sticky":false,"template":"","format":"standard","meta":{"footnotes":""},"categories":[2],"tags":[],"class_list":["post-26613","post","type-post","status-publish","format-standard","has-post-thumbnail","hentry","category-actual"],"_links":{"self":[{"href":"https:\/\/247stiri.ro\/index.php\/wp-json\/wp\/v2\/posts\/26613","targetHints":{"allow":["GET"]}}],"collection":[{"href":"https:\/\/247stiri.ro\/index.php\/wp-json\/wp\/v2\/posts"}],"about":[{"href":"https:\/\/247stiri.ro\/index.php\/wp-json\/wp\/v2\/types\/post"}],"replies":[{"embeddable":true,"href":"https:\/\/247stiri.ro\/index.php\/wp-json\/wp\/v2\/comments?post=26613"}],"version-history":[{"count":0,"href":"https:\/\/247stiri.ro\/index.php\/wp-json\/wp\/v2\/posts\/26613\/revisions"}],"wp:featuredmedia":[{"embeddable":true,"href":"https:\/\/247stiri.ro\/index.php\/wp-json\/wp\/v2\/media\/26614"}],"wp:attachment":[{"href":"https:\/\/247stiri.ro\/index.php\/wp-json\/wp\/v2\/media?parent=26613"}],"wp:term":[{"taxonomy":"category","embeddable":true,"href":"https:\/\/247stiri.ro\/index.php\/wp-json\/wp\/v2\/categories?post=26613"},{"taxonomy":"post_tag","embeddable":true,"href":"https:\/\/247stiri.ro\/index.php\/wp-json\/wp\/v2\/tags?post=26613"}],"curies":[{"name":"wp","href":"https:\/\/api.w.org\/{rel}","templated":true}]}}