{"id":26615,"date":"2025-01-25T21:46:34","date_gmt":"2025-01-25T21:46:34","guid":{"rendered":"https:\/\/247stiri.ro\/index.php\/2025\/01\/25\/calin-georgescu-despre-tezaurul-dacic-adevaratul-furt-a-fost-cel-al-identitatii-demisia-ministrului-de-externe-si-a-ministrului-culturii-este-acum-absolut-necesara\/"},"modified":"2025-01-25T21:46:34","modified_gmt":"2025-01-25T21:46:34","slug":"calin-georgescu-despre-tezaurul-dacic-adevaratul-furt-a-fost-cel-al-identitatii-demisia-ministrului-de-externe-si-a-ministrului-culturii-este-acum-absolut-necesara","status":"publish","type":"post","link":"https:\/\/247stiri.ro\/index.php\/2025\/01\/25\/calin-georgescu-despre-tezaurul-dacic-adevaratul-furt-a-fost-cel-al-identitatii-demisia-ministrului-de-externe-si-a-ministrului-culturii-este-acum-absolut-necesara\/","title":{"rendered":"C\u0103lin Georgescu, despre tezaurul dacic: Adev\u0103ratul furt a fost cel al identit\u0103\u021bii! Demisia ministrului de Externe \u0219i a ministrului Culturii este acum absolut necesar\u0103!"},"content":{"rendered":"<p>\u201eDragii mei, s-au furat br\u0103\u021b\u0103rile dacice \u0219i coiful de aur de la Co\u021bofene\u0219ti dintr-un muzeu din \u021a\u0103rile de Jos. Nu doar at\u00e2t!\u00a0Ast\u0103zi s-a v\u0103zut din nou incapabilul stat rom\u00e2n de a-\u0219i proteja tezaurul cultural, pu\u021binul r\u0103mas, la fel cum nu-\u0219i protejeaz\u0103 nici tezaurul uman, poporul rom\u00e2n!\u00a0Acuz direct Ministerul de Externe \u015fi pe cel al Culturii pentru del\u0103sarea \u0219i incompeten\u021ba cultural\u0103 \u0219i istoric\u0103 de care dau dovad\u0103. Inten\u021bionat\u0103 sau nu &#8211; este tot incompeten\u021b\u0103!\u00a0Cum este posibil ca parte din istoria noastr\u0103 s\u0103 nu fie protejat\u0103 ferm?\u00a0Unde era paza? Unde era statul rom\u00e2n implicat \u00een protec\u021bia istoriei \u0219i patrimoniului nostru?\u00a0Aici nu este un simplu furt! Exist\u0103 un mesaj \u00een spatele acestui act penal!\u00a0Din miile de piese expuse \u00een acel muzeu, doar acestea au fost furate, astfel putem \u00een\u021belege mesajul din spatele gestului: v\u0103 vom fura identitatea oric\u00e2nd vom dori, pentru c\u0103 nu \u0219ti\u021bi s\u0103 v\u0103 ap\u0103ra\u021bi valorile!\u00a0Acesta a fost adev\u0103ratul furt, cel al identit\u0103\u021bii, din nou!\u00a0Acel muzeu avea prestigiul necesar unei astfel de expozi\u021bii? Ce c\u0103uta acolo pu\u021binul nostru tezaur r\u0103mas, \u00eentr-un muzeu ce nu avea capacitatea de a-\u0219i proteja nici patrimoniul intern?\u00a0P\u00e2n\u0103 \u0219i cel mai mic muzeu din Rom\u00e2nia are paz\u0103 constant, deci cui am pus noi la dispozi\u021bie patrimoniul nostru de nepre\u021buit \u00een \u021a\u0103rile de Jos? Urm\u0103toarea lor expozi\u021bie (de la Drents Museum) este una de p\u0103pu\u0219i \u0219i una de camere tip labirint! \u00centrebare \u00een acest context: ce c\u0103uta o parte din tezaurul Rom\u00e2niei acolo?\u00a0Demisia ministrului de externe \u0219i a ministrului culturii este acum absolut necesar\u0103! Prin indiferen\u021ba lor profesional\u0103 au fost complici!\u00a0De asemenea &#8222;felicit&#8221; trezirea \u00een con\u0219tiin\u021b\u0103 a organelor de lege din Rom\u00e2nia pentru faptul c\u0103 au deschis un dosar penal din oficiu! Poate a\u0219a trebuiau s\u0103 fac\u0103 \u0219i \u00een cazul &#8222;furtului&#8221; celor 9 milioane de voturi, acolo a fost furat &#8222;tezaurul&#8221; democratic al Rom\u00e2niei!\u00a0Se fur\u0103 tot \u00een Rom\u00e2nia, se fur\u0103 tot ce este legat de Rom\u00e2nia \u0219i \u00eentrebarea este dac\u0103 statul rom\u00e2n este doar un spectator ridicol sau un complice al anihil\u0103rii noastre ca neam, istorie, valori \u0219i democra\u021bie!?\u00a0Aici vorbim de un incident diplomatic, nu de un simplu furt.\u00a0Emil Hurezeanu. Natalia Intotero. Demisia voastr\u0103 este obligatorie &#8211; a\u021bi jurat gre\u0219it c\u00e2nd a\u021bi spus c\u0103 v\u0103 d\u0103rui\u021bi &#8222;toat\u0103 puterea \u0219i priceperea pentru prop\u0103\u0219irea spiritual\u0103 \u0219i material\u0103 a poporului rom\u00e2n!&#8221; V-a\u021bi respectat jur\u0103m\u00e2ntul? Spiritual \u0219i material a\u021bi fost incompeten\u021bi! Deci&#8230; nu! Nu v-a\u021bi respectat jur\u0103m\u00e2ntul!\u201d, a declarat pre\u0219edintele ales, C\u0103lin Georgescu.\u00a0\u00a0<\/p>","protected":false},"excerpt":{"rendered":"<p>\u201eDragii mei, s-au furat br\u0103\u021b\u0103rile dacice \u0219i coiful de aur de la Co\u021bofene\u0219ti dintr-un muzeu&hellip;<\/p>\n","protected":false},"author":0,"featured_media":26616,"comment_status":"open","ping_status":"open","sticky":false,"template":"","format":"standard","meta":{"footnotes":""},"categories":[2],"tags":[],"class_list":["post-26615","post","type-post","status-publish","format-standard","has-post-thumbnail","hentry","category-actual"],"_links":{"self":[{"href":"https:\/\/247stiri.ro\/index.php\/wp-json\/wp\/v2\/posts\/26615","targetHints":{"allow":["GET"]}}],"collection":[{"href":"https:\/\/247stiri.ro\/index.php\/wp-json\/wp\/v2\/posts"}],"about":[{"href":"https:\/\/247stiri.ro\/index.php\/wp-json\/wp\/v2\/types\/post"}],"replies":[{"embeddable":true,"href":"https:\/\/247stiri.ro\/index.php\/wp-json\/wp\/v2\/comments?post=26615"}],"version-history":[{"count":0,"href":"https:\/\/247stiri.ro\/index.php\/wp-json\/wp\/v2\/posts\/26615\/revisions"}],"wp:featuredmedia":[{"embeddable":true,"href":"https:\/\/247stiri.ro\/index.php\/wp-json\/wp\/v2\/media\/26616"}],"wp:attachment":[{"href":"https:\/\/247stiri.ro\/index.php\/wp-json\/wp\/v2\/media?parent=26615"}],"wp:term":[{"taxonomy":"category","embeddable":true,"href":"https:\/\/247stiri.ro\/index.php\/wp-json\/wp\/v2\/categories?post=26615"},{"taxonomy":"post_tag","embeddable":true,"href":"https:\/\/247stiri.ro\/index.php\/wp-json\/wp\/v2\/tags?post=26615"}],"curies":[{"name":"wp","href":"https:\/\/api.w.org\/{rel}","templated":true}]}}