{"id":26617,"date":"2025-01-25T22:49:27","date_gmt":"2025-01-25T22:49:27","guid":{"rendered":"https:\/\/247stiri.ro\/index.php\/2025\/01\/25\/raluca-turcan-fostul-ministru-al-culturii-explica-cum-a-ajuns-tezaurul-dacic-la-muzeul-drents-olanda-are-datoria-sa-identifice-hotii-si-sa-redea-romaniei-piesele-de-tezaur-furate\/"},"modified":"2025-01-25T22:49:27","modified_gmt":"2025-01-25T22:49:27","slug":"raluca-turcan-fostul-ministru-al-culturii-explica-cum-a-ajuns-tezaurul-dacic-la-muzeul-drents-olanda-are-datoria-sa-identifice-hotii-si-sa-redea-romaniei-piesele-de-tezaur-furate","status":"publish","type":"post","link":"https:\/\/247stiri.ro\/index.php\/2025\/01\/25\/raluca-turcan-fostul-ministru-al-culturii-explica-cum-a-ajuns-tezaurul-dacic-la-muzeul-drents-olanda-are-datoria-sa-identifice-hotii-si-sa-redea-romaniei-piesele-de-tezaur-furate\/","title":{"rendered":"Raluca Turcan, fostul ministru al Culturii, explic\u0103 cum a ajuns tezaurul dacic la muzeul Drents: Olanda are datoria s\u0103 identifice ho\u021bii \u015fi s\u0103 redea Rom\u00e2niei piesele de tezaur furate"},"content":{"rendered":"<p>\u201eVorbim despre un furt, ca atare Olanda are datoria s\u0103 identifice ho\u021bii \u015fi s\u0103 redea Rom\u00e2niei piesele de tezaur furate. Sunt absolut convins\u0103 ca la nivelul cooper\u0103rii poli\u021biene\u0219ti exist\u0103 o mobilizare maxim\u0103 pentru prinderea ho\u021bilor.<\/p>\n<p>Exponatele au ajuns la muzeul din Olanda \u00een baza unui proiect ini\u021biat de Muzeul Na\u021bional de Istorie a Rom\u00e2niei, cu avizul Comisiei Na\u021bionale a Muzeelor \u015fi Colec\u021biilor.<\/p>\n<p>Expozi\u0163ia este parte a unui efort amplu de diploma\u021bie cultural\u0103, derulat de muzee romane\u0219ti, care a \u00eenceput cu ani \u00een urma prin expozi\u021bia de la Madrid (2021), urmat\u0103 de cea de la Roma (2024).<\/p>\n<p>Preg\u0103tirea a implicat un efort semnificativ din partea a 18 muzee din Rom\u00e2nia \u015fi a Muzeului Drents (pentru Olanda), unul din cele mai vechi \u015fi prestigioase muzee din Europa.<\/p>\n<p>Muzeul Drents a avut obliga\u021bia contractual\u0103 de a asigura m\u0103suri speciale de securitate, care au fost implementate conform standardelor interna\u021bionale \u00een domeniu.<\/p>\n<p>Fac precizarea c\u0103 Ministerul Culturii nu decide cu privire la con\u021binutul colec\u021biilor prezentate \u00een expozi\u021bii. Orice aprobare de export temporar de bunuri culturale (expozi\u021bii \u00een str\u0103in\u0103tate) se face doar cu avizul speciali\u0219tilor din Comisia Na\u021bional\u0103 a Muzeelor \u015fi Colec\u021biilor. Astfel de proiecte sunt frecvente \u00een spa\u021biul cultural european.<\/p>\n<p>Rom\u00e2nia a fost, de asemenea, beneficiara unor expozi\u021bii de o valoare excep\u021bional\u0103 aduse de institu\u021bii culturale din str\u0103in\u0103tate, ultimul exemplu fiind expozi\u021bia \u201eLuminile lui Caravaggio\u201d, \u00eenc\u0103 \u00een desf\u0103\u0219urare la Muzeul de Art\u0103 din Timi\u015foara&#8221;, a transmis Raluca Turcan, fostul ministru al Culturii.\u00a0<\/p>","protected":false},"excerpt":{"rendered":"<p>\u201eVorbim despre un furt, ca atare Olanda are datoria s\u0103 identifice ho\u021bii \u015fi s\u0103 redea&hellip;<\/p>\n","protected":false},"author":0,"featured_media":26618,"comment_status":"open","ping_status":"open","sticky":false,"template":"","format":"standard","meta":{"footnotes":""},"categories":[2],"tags":[],"class_list":["post-26617","post","type-post","status-publish","format-standard","has-post-thumbnail","hentry","category-actual"],"_links":{"self":[{"href":"https:\/\/247stiri.ro\/index.php\/wp-json\/wp\/v2\/posts\/26617","targetHints":{"allow":["GET"]}}],"collection":[{"href":"https:\/\/247stiri.ro\/index.php\/wp-json\/wp\/v2\/posts"}],"about":[{"href":"https:\/\/247stiri.ro\/index.php\/wp-json\/wp\/v2\/types\/post"}],"replies":[{"embeddable":true,"href":"https:\/\/247stiri.ro\/index.php\/wp-json\/wp\/v2\/comments?post=26617"}],"version-history":[{"count":0,"href":"https:\/\/247stiri.ro\/index.php\/wp-json\/wp\/v2\/posts\/26617\/revisions"}],"wp:featuredmedia":[{"embeddable":true,"href":"https:\/\/247stiri.ro\/index.php\/wp-json\/wp\/v2\/media\/26618"}],"wp:attachment":[{"href":"https:\/\/247stiri.ro\/index.php\/wp-json\/wp\/v2\/media?parent=26617"}],"wp:term":[{"taxonomy":"category","embeddable":true,"href":"https:\/\/247stiri.ro\/index.php\/wp-json\/wp\/v2\/categories?post=26617"},{"taxonomy":"post_tag","embeddable":true,"href":"https:\/\/247stiri.ro\/index.php\/wp-json\/wp\/v2\/tags?post=26617"}],"curies":[{"name":"wp","href":"https:\/\/api.w.org\/{rel}","templated":true}]}}