{"id":26659,"date":"2025-01-26T10:49:01","date_gmt":"2025-01-26T10:49:01","guid":{"rendered":"https:\/\/247stiri.ro\/index.php\/2025\/01\/26\/incident-grav-in-serbia-o-tanara-a-intrat-cu-masina-in-plin-in-oamenii-prezenti-la-un-protest\/"},"modified":"2025-01-26T10:49:01","modified_gmt":"2025-01-26T10:49:01","slug":"incident-grav-in-serbia-o-tanara-a-intrat-cu-masina-in-plin-in-oamenii-prezenti-la-un-protest","status":"publish","type":"post","link":"https:\/\/247stiri.ro\/index.php\/2025\/01\/26\/incident-grav-in-serbia-o-tanara-a-intrat-cu-masina-in-plin-in-oamenii-prezenti-la-un-protest\/","title":{"rendered":"Incident grav \u00een Serbia. O t\u00e2n\u0103r\u0103 a intrat cu ma\u0219ina \u00een plin \u00een oamenii prezen\u021bi la un protest"},"content":{"rendered":"<p>Un incident similar a avut loc \u00een timpul unui protest de s\u0103pt\u0103m\u00e2na trecut\u0103 de la Belgrad, c\u00e2nd o ma\u0219\u00een\u0103 a izbit studen\u021bii care protestau, r\u0103nind grav o t\u00e2n\u0103r\u0103.<\/p>\n<p>Proteste la nivel na\u021bional au avut loc \u0219i vineri, \u00een aceea\u0219i zi \u00een care pre\u0219edintele Aleksandar Vucic a organizat un mare miting cu mii de sus\u021b\u00een\u0103tori \u00een ora\u0219ul central Jagodina, bastionul coali\u021biei sale, pentru a contracara protestele antiguvernamentale care dureaz\u0103 de trei luni.<\/p>\n<p>Vucic le-a spus sus\u021b\u00een\u0103torilor s\u0103i c\u0103 \u021bar\u0103 este \u201eatacat\u0103 at\u00e2t din exterior, c\u00e2t \u0219i din interior\u201d.<\/p>\n<p>\u201eNu este \u00eent\u00e2mpl\u0103tor c\u0103 au atacat Serbia din str\u0103\u00een\u0103tate\u201d, a spus Vucic, subliniind rela\u021biile de prietenie ale Serbiei cu Rusia \u0219i China \u0219i refuzul de a impune sanc\u021biuni Moscovei din cauza r\u0103zboiului din Ucraina.<\/p>\n<p>Vucic a cerut, de asemenea, un dialog cu studen\u021bii grevi\u0219ti, care au primit sprijin larg din partea tuturor categoriilor sociale din Serbia. Studen\u021bii au respins negocierile.<\/p>\n<p>Protestatarii au blocat zilnic traficul \u00een Serbia pentru a protesta \u00eempotriva mor\u021bii a 15 persoane ucise dup\u0103 pr\u0103bu\u0219irea din noiembrie a unei buc\u0103\u021bi din acoperi\u0219ul g\u0103rii din Novi Sad, accident pe care criticii l-au pus pe seama corup\u021biei guvernamentale.<\/p>\n<p>Protestele din ultima s\u0103pt\u0103m\u00e2na, care cer tragerea la r\u0103spundere a celor vinova\u021bi pentru accident, au fost cele mai mari de c\u00e2nd Vucic a venit la putere \u00een urm\u0103 cu mai bine de un deceniu. El s-a confruntat cu acuza\u021bii de reducere a libert\u0103\u021bilor democratice.<\/p>\n<p>La mitingul sau de la Jagodina, Vucic a anun\u021bat formarea \u00een martie a unei mi\u0219c\u0103ri politice la nivel na\u021bional, \u00een stilul mi\u0219c\u0103rii Rusia Unit\u0103 a pre\u0219edintelui rus Vladimir Pu\u021bin, pentru a contribui la asigurarea domina\u021biei Partidului sau Progresist S\u00e2rb de dreapta.<\/p>","protected":false},"excerpt":{"rendered":"<p>Un incident similar a avut loc \u00een timpul unui protest de s\u0103pt\u0103m\u00e2na trecut\u0103 de la&hellip;<\/p>\n","protected":false},"author":0,"featured_media":26655,"comment_status":"open","ping_status":"open","sticky":false,"template":"","format":"standard","meta":{"footnotes":""},"categories":[2],"tags":[],"class_list":["post-26659","post","type-post","status-publish","format-standard","has-post-thumbnail","hentry","category-actual"],"_links":{"self":[{"href":"https:\/\/247stiri.ro\/index.php\/wp-json\/wp\/v2\/posts\/26659","targetHints":{"allow":["GET"]}}],"collection":[{"href":"https:\/\/247stiri.ro\/index.php\/wp-json\/wp\/v2\/posts"}],"about":[{"href":"https:\/\/247stiri.ro\/index.php\/wp-json\/wp\/v2\/types\/post"}],"replies":[{"embeddable":true,"href":"https:\/\/247stiri.ro\/index.php\/wp-json\/wp\/v2\/comments?post=26659"}],"version-history":[{"count":0,"href":"https:\/\/247stiri.ro\/index.php\/wp-json\/wp\/v2\/posts\/26659\/revisions"}],"wp:featuredmedia":[{"embeddable":true,"href":"https:\/\/247stiri.ro\/index.php\/wp-json\/wp\/v2\/media\/26655"}],"wp:attachment":[{"href":"https:\/\/247stiri.ro\/index.php\/wp-json\/wp\/v2\/media?parent=26659"}],"wp:term":[{"taxonomy":"category","embeddable":true,"href":"https:\/\/247stiri.ro\/index.php\/wp-json\/wp\/v2\/categories?post=26659"},{"taxonomy":"post_tag","embeddable":true,"href":"https:\/\/247stiri.ro\/index.php\/wp-json\/wp\/v2\/tags?post=26659"}],"curies":[{"name":"wp","href":"https:\/\/api.w.org\/{rel}","templated":true}]}}