{"id":26679,"date":"2025-01-26T13:14:17","date_gmt":"2025-01-26T13:14:17","guid":{"rendered":"https:\/\/247stiri.ro\/index.php\/2025\/01\/26\/furtul-tezaurului-marcel-ciolacu-am-decis-organizarea-unei-celule-de-criza-la-nivelul-guvernului\/"},"modified":"2025-01-26T13:14:17","modified_gmt":"2025-01-26T13:14:17","slug":"furtul-tezaurului-marcel-ciolacu-am-decis-organizarea-unei-celule-de-criza-la-nivelul-guvernului","status":"publish","type":"post","link":"https:\/\/247stiri.ro\/index.php\/2025\/01\/26\/furtul-tezaurului-marcel-ciolacu-am-decis-organizarea-unei-celule-de-criza-la-nivelul-guvernului\/","title":{"rendered":"Furtul tezaurului. Marcel Ciolacu: \u201eAm decis organizarea unei celule de criz\u0103 la nivelul Guvernului\u201d"},"content":{"rendered":"<p>\u201dAm decis organizarea unei celule de criz\u0103 la nivelul Guvernului pentru coordonarea eficient\u0103 a activit\u0103\u0163ilor care \u0163in de recuperarea celor patru piese de tezaur furate de la expozi\u0163ia organizat\u0103 la Muzeul Drents din Assen, Olanda. Din aceast\u0103 celul\u0103 de criz\u0103 fac parte reprezentan\u0163i ai Ministerului de Interne, Poli\u0163iei Rom\u00e2ne, Ministerului Afacerilor Externe \u015fi Ministerului Culturii. \u00cen acest sens, m\u00e2ine voi dispune trimiterea Corpului de Control al Prim-ministrului la Ministerul Culturii pentru a verifica toat\u0103 documenta\u0163ia legal\u0103 care a stat la baza organiz\u0103rii acestei expozi\u0163ii \u00een Olanda\u201d, anun\u0163\u0103 Ciolacu.\u00a0El afirm\u0103 \u015fi c\u0103 ministrul Culturii, Natalia Intotero, va avea luni \u00eent\u00e2lniri cu familia regal\u0103 \u015fi cu premierul olandez \u00een marja evenimentelor de comemorare a 80 de ani de la eliberarea lag\u0103rului de la Auschwitz din Polonia, unde va transmite mesajul ferm al Guvernului Rom\u00e2niei ca aceste piese inestimabile de patrimoniu s\u0103 fie recuperate c\u00e2t mai rapid.\u00a0\u201d\u00cen plus, am discutat cu ministrul Predoiu s\u0103 trimitem de urgen\u0163\u0103 \u00een Olanda o echip\u0103 de poli\u0163i\u015fti criminali\u015fti care s\u0103 lucreze al\u0103turi de autorit\u0103\u0163ile olandeze \u00een ancheta desf\u0103\u015furat\u0103 pentru recuperarea tezaurului rom\u00e2nesc. \u015ei am cerut ca exper\u0163ii rom\u00e2ni s\u0103 se deplaseze de urgen\u0163\u0103 \u00een Olanda \u015fi s\u0103 asigure aducerea \u00een \u0163ar\u0103 c\u00e2t mai rapid\u0103 a celorlalte piese de patrimoniu care au f\u0103cut obiectul acestei expozi\u0163ii. Este o situa\u0163ie foarte grav\u0103, dar acest jaf care trebuie solu\u0163ionat cu celeritate nu trebuie s\u0103 devin\u0103 combustibil pentru propagarea a tot felul de teorii ale conspira\u0163iei de c\u0103tre cei care vor s\u0103 ob\u0163in\u0103 capital politic facil. Tezaurul se va \u00eentoarce \u00een Rom\u00e2nia \u015fi toate autorit\u0103\u0163ile statului lucreaz\u0103 la asta\u201d, subliniaz\u0103 premierul.<\/p>","protected":false},"excerpt":{"rendered":"<p>\u201dAm decis organizarea unei celule de criz\u0103 la nivelul Guvernului pentru coordonarea eficient\u0103 a activit\u0103\u0163ilor&hellip;<\/p>\n","protected":false},"author":0,"featured_media":26674,"comment_status":"open","ping_status":"open","sticky":false,"template":"","format":"standard","meta":{"footnotes":""},"categories":[2],"tags":[],"class_list":["post-26679","post","type-post","status-publish","format-standard","has-post-thumbnail","hentry","category-actual"],"_links":{"self":[{"href":"https:\/\/247stiri.ro\/index.php\/wp-json\/wp\/v2\/posts\/26679","targetHints":{"allow":["GET"]}}],"collection":[{"href":"https:\/\/247stiri.ro\/index.php\/wp-json\/wp\/v2\/posts"}],"about":[{"href":"https:\/\/247stiri.ro\/index.php\/wp-json\/wp\/v2\/types\/post"}],"replies":[{"embeddable":true,"href":"https:\/\/247stiri.ro\/index.php\/wp-json\/wp\/v2\/comments?post=26679"}],"version-history":[{"count":0,"href":"https:\/\/247stiri.ro\/index.php\/wp-json\/wp\/v2\/posts\/26679\/revisions"}],"wp:featuredmedia":[{"embeddable":true,"href":"https:\/\/247stiri.ro\/index.php\/wp-json\/wp\/v2\/media\/26674"}],"wp:attachment":[{"href":"https:\/\/247stiri.ro\/index.php\/wp-json\/wp\/v2\/media?parent=26679"}],"wp:term":[{"taxonomy":"category","embeddable":true,"href":"https:\/\/247stiri.ro\/index.php\/wp-json\/wp\/v2\/categories?post=26679"},{"taxonomy":"post_tag","embeddable":true,"href":"https:\/\/247stiri.ro\/index.php\/wp-json\/wp\/v2\/tags?post=26679"}],"curies":[{"name":"wp","href":"https:\/\/api.w.org\/{rel}","templated":true}]}}