{"id":26706,"date":"2025-01-26T15:45:22","date_gmt":"2025-01-26T15:45:22","guid":{"rendered":"https:\/\/247stiri.ro\/index.php\/2025\/01\/26\/grecia-cuprinsa-de-proteste-zeci-de-mii-de-manifestanti-cer-justitie-pentru-victimele-catastrofei-feroviare-din-februarie-2023\/"},"modified":"2025-01-26T15:45:22","modified_gmt":"2025-01-26T15:45:22","slug":"grecia-cuprinsa-de-proteste-zeci-de-mii-de-manifestanti-cer-justitie-pentru-victimele-catastrofei-feroviare-din-februarie-2023","status":"publish","type":"post","link":"https:\/\/247stiri.ro\/index.php\/2025\/01\/26\/grecia-cuprinsa-de-proteste-zeci-de-mii-de-manifestanti-cer-justitie-pentru-victimele-catastrofei-feroviare-din-februarie-2023\/","title":{"rendered":"Grecia, cuprins\u0103 de proteste. Zeci de mii de manifestan\u021bi cer &#8216;justi\u021bie&#8217; pentru victimele catastrofei feroviare din februarie 2023"},"content":{"rendered":"<p>La 28 februarie 2023, cu pu\u021bin \u00eenainte de miezul nop\u021bii, un tren de pasageri, care circula cu peste 350 de persoane la bord \u00eentre Atena \u0219i Salonic, a lovit frontal un tren de marf\u0103, la 350 km nord de capital\u0103. \u00cen accident au murit 57 de persoane, printre care numero\u0219i studen\u021bi.Cele dou\u0103 trenuri rulaser\u0103 pe aceea\u0219i linie timp de 19 minute f\u0103r\u0103 ca vreun sistem de alarm\u0103 s\u0103 se fi declan\u0219at.Accidentul a fost pus pe seama deficien\u021belor re\u021belei feroviare \u0219i unei &#8216;erori umane&#8217;, \u00een primul r\u00e2nd a \u0219efului unei g\u0103ri din apropiere de Larissa, inculpat \u00eentre timp.\u00cens\u0103, potrivit unui nou raport al unui expert finan\u021bat de familiile unor victime, trenul de marf\u0103 transporta o \u00eenc\u0103rc\u0103tur\u0103 &#8216;ilegal\u0103&#8217;, const\u00e2nd \u00een substan\u021be chimice explozive care au provocat un incendiu \u00een momentul coliziunii, astfel \u00eenc\u00e2t numeroase victime ar fi fost asfixiate din lips\u0103 de oxigen.Potrivit \u00eenregistr\u0103rilor apelurilor c\u0103tre serviciul de urgen\u021be ale victimelor prinse sub vagoane, \u00eenregistr\u0103ri postate pe re\u021belele sociale s\u0103pt\u0103m\u00e2na trecut\u0103, una din victime striga &#8216;Nu am oxigen&#8217;.&#8217;Cobor\u00e2m \u00een strad\u0103 pentru vocile care au fost reduse la t\u0103cere din lips\u0103 de oxigen&#8217; sau &#8216;Nu am oxigen&#8217;, scria pe bannerele manifestan\u021bilor duminic\u0103 \u00een pia\u021ba Syntagma, \u00een fa\u021ba parlamentului din Atena.\u00centre manifestan\u021bi \u0219i for\u021bele de ordine s-au produs ciocniri. Un grup de manifestan\u021bi a aruncat cocteiluri Molotov asupra for\u021belor antirevolt\u0103, care au f\u0103cut uz de gaze lacrimogene \u0219i grenade paralizante.Mii de persoane au manifestat \u0219i \u00een alte ora\u0219e ale Greciei, la chemarea familiilor victimelor.<\/p>","protected":false},"excerpt":{"rendered":"<p>La 28 februarie 2023, cu pu\u021bin \u00eenainte de miezul nop\u021bii, un tren de pasageri, care&hellip;<\/p>\n","protected":false},"author":0,"featured_media":26697,"comment_status":"open","ping_status":"open","sticky":false,"template":"","format":"standard","meta":{"footnotes":""},"categories":[2],"tags":[],"class_list":["post-26706","post","type-post","status-publish","format-standard","has-post-thumbnail","hentry","category-actual"],"_links":{"self":[{"href":"https:\/\/247stiri.ro\/index.php\/wp-json\/wp\/v2\/posts\/26706","targetHints":{"allow":["GET"]}}],"collection":[{"href":"https:\/\/247stiri.ro\/index.php\/wp-json\/wp\/v2\/posts"}],"about":[{"href":"https:\/\/247stiri.ro\/index.php\/wp-json\/wp\/v2\/types\/post"}],"replies":[{"embeddable":true,"href":"https:\/\/247stiri.ro\/index.php\/wp-json\/wp\/v2\/comments?post=26706"}],"version-history":[{"count":0,"href":"https:\/\/247stiri.ro\/index.php\/wp-json\/wp\/v2\/posts\/26706\/revisions"}],"wp:featuredmedia":[{"embeddable":true,"href":"https:\/\/247stiri.ro\/index.php\/wp-json\/wp\/v2\/media\/26697"}],"wp:attachment":[{"href":"https:\/\/247stiri.ro\/index.php\/wp-json\/wp\/v2\/media?parent=26706"}],"wp:term":[{"taxonomy":"category","embeddable":true,"href":"https:\/\/247stiri.ro\/index.php\/wp-json\/wp\/v2\/categories?post=26706"},{"taxonomy":"post_tag","embeddable":true,"href":"https:\/\/247stiri.ro\/index.php\/wp-json\/wp\/v2\/tags?post=26706"}],"curies":[{"name":"wp","href":"https:\/\/api.w.org\/{rel}","templated":true}]}}